{"id":89941,"date":"2025-03-26T08:58:42","date_gmt":"2025-03-26T11:58:42","guid":{"rendered":"https:\/\/www.radioamigavallenar.cl\/?p=89941"},"modified":"2025-03-26T08:58:42","modified_gmt":"2025-03-26T11:58:42","slug":"a-10-anos-del-aluvion-en-atacama-tragedia-dejo-31-muertos-y-mas-de-16-mil-damnificados","status":"publish","type":"post","link":"https:\/\/www.radioamigavallenar.cl\/?p=89941","title":{"rendered":"A 10 a\u00f1os del aluvi\u00f3n en Atacama: tragedia dej\u00f3 31 muertos y m\u00e1s de 16 mil damnificados"},"content":{"rendered":"<p class=\"\" data-start=\"350\" data-end=\"485\"><strong data-start=\"350\" data-end=\"485\">El 25 de marzo de 2015, intensas lluvias provocaron aluviones que devastaron localidades como Paipote, Cha\u00f1aral y Diego de Almagro.<\/strong><\/p>\n<p class=\"\" data-start=\"487\" data-end=\"808\">Este martes se cumple una d\u00e9cada desde que la Regi\u00f3n de Atacama enfrent\u00f3 una de las peores cat\u00e1strofes naturales de su historia. El 25 de marzo de 2015, las lluvias inusuales en la zona desbordaron el r\u00edo Copiap\u00f3 y provocaron aluviones que afectaron gravemente a diversas comunas.<\/p>\n<p class=\"\" data-start=\"810\" data-end=\"1044\">Localidades como Paipote, Cha\u00f1aral, Diego de Almagro y El Salado quedaron cubiertas de barro y escombros en cuesti\u00f3n de horas. El desastre dej\u00f3 un saldo de 31 personas fallecidas, 49 desaparecidas y m\u00e1s de 16 mil damnificados.<\/p>\n<p class=\"\" data-start=\"1046\" data-end=\"1316\">El evento transform\u00f3 radicalmente el paisaje urbano y la vida de las comunidades afectadas. Muchos habitantes perdieron sus viviendas y medios de subsistencia, y durante las primeras horas, la ayuda lleg\u00f3 principalmente desde voluntarios, Bomberos y vecinos organizados.<\/p>\n<p class=\"\" data-start=\"1318\" data-end=\"1603\">La emergencia motiv\u00f3 la puesta en marcha del Plan Maestro de Atacama, y el proceso de reconstrucci\u00f3n comenz\u00f3 a fines de junio de ese a\u00f1o. Seg\u00fan datos oficiales, el Estado destin\u00f3 m\u00e1s de 1.500 millones de d\u00f3lares para enfrentar la tragedia y recuperar la infraestructura da\u00f1ada.<\/p>\n<p class=\"\" data-start=\"1605\" data-end=\"1841\">A diez a\u00f1os del aluvi\u00f3n, el evento sigue siendo un hito doloroso en la memoria regional, pero tambi\u00e9n un llamado a fortalecer la resiliencia, planificaci\u00f3n territorial y medidas de mitigaci\u00f3n ante fen\u00f3menos hidrometeorol\u00f3gicos extremos.<\/p>\n","protected":false},"excerpt":{"rendered":"<p>El 25 de marzo de 2015, intensas lluvias provocaron aluviones que devastaron localidades como Paipote, Cha\u00f1aral y Diego de Almagro. Este martes se cumple una&hellip; <\/p>\n","protected":false},"author":6,"featured_media":89942,"comment_status":"closed","ping_status":"closed","sticky":false,"template":"","format":"standard","meta":{"footnotes":""},"categories":[7],"tags":[],"class_list":["post-89941","post","type-post","status-publish","format-standard","has-post-thumbnail","hentry","category-atacama"],"_links":{"self":[{"href":"https:\/\/www.radioamigavallenar.cl\/index.php?rest_route=\/wp\/v2\/posts\/89941","targetHints":{"allow":["GET"]}}],"collection":[{"href":"https:\/\/www.radioamigavallenar.cl\/index.php?rest_route=\/wp\/v2\/posts"}],"about":[{"href":"https:\/\/www.radioamigavallenar.cl\/index.php?rest_route=\/wp\/v2\/types\/post"}],"author":[{"embeddable":true,"href":"https:\/\/www.radioamigavallenar.cl\/index.php?rest_route=\/wp\/v2\/users\/6"}],"replies":[{"embeddable":true,"href":"https:\/\/www.radioamigavallenar.cl\/index.php?rest_route=%2Fwp%2Fv2%2Fcomments&post=89941"}],"version-history":[{"count":1,"href":"https:\/\/www.radioamigavallenar.cl\/index.php?rest_route=\/wp\/v2\/posts\/89941\/revisions"}],"predecessor-version":[{"id":89943,"href":"https:\/\/www.radioamigavallenar.cl\/index.php?rest_route=\/wp\/v2\/posts\/89941\/revisions\/89943"}],"wp:featuredmedia":[{"embeddable":true,"href":"https:\/\/www.radioamigavallenar.cl\/index.php?rest_route=\/wp\/v2\/media\/89942"}],"wp:attachment":[{"href":"https:\/\/www.radioamigavallenar.cl\/index.php?rest_route=%2Fwp%2Fv2%2Fmedia&parent=89941"}],"wp:term":[{"taxonomy":"category","embeddable":true,"href":"https:\/\/www.radioamigavallenar.cl\/index.php?rest_route=%2Fwp%2Fv2%2Fcategories&post=89941"},{"taxonomy":"post_tag","embeddable":true,"href":"https:\/\/www.radioamigavallenar.cl\/index.php?rest_route=%2Fwp%2Fv2%2Ftags&post=89941"}],"curies":[{"name":"wp","href":"https:\/\/api.w.org\/{rel}","templated":true}]}}