{"id":89896,"date":"2025-03-25T09:13:29","date_gmt":"2025-03-25T12:13:29","guid":{"rendered":"https:\/\/www.radioamigavallenar.cl\/?p=89896"},"modified":"2025-03-25T09:14:04","modified_gmt":"2025-03-25T12:14:04","slug":"minsal-declara-alerta-sanitaria-por-virus-respiratorios-medida-busca-anticipar-brotes-en-periodo-invernal","status":"publish","type":"post","link":"https:\/\/www.radioamigavallenar.cl\/?p=89896","title":{"rendered":"Minsal declara Alerta Sanitaria por virus respiratorios: medida busca anticipar brotes en periodo invernal"},"content":{"rendered":"<p class=\"\" data-start=\"208\" data-end=\"374\"><strong data-start=\"208\" data-end=\"374\">La alerta estar\u00e1 vigente hasta septiembre de 2025 y entrega facultades extraordinarias a las autoridades de salud para enfrentar un eventual aumento de contagios.<\/strong><\/p>\n<p class=\"\" data-start=\"376\" data-end=\"703\">El Ministerio de Salud decret\u00f3 este lunes una Alerta Sanitaria por el aumento de virus respiratorios estacionales, anticip\u00e1ndose al inicio del periodo invernal. La medida busca facilitar la gesti\u00f3n de recursos humanos, log\u00edsticos y cl\u00ednicos, frente a un eventual incremento de contagios.<\/p>\n<p class=\"\" data-start=\"705\" data-end=\"950\">Seg\u00fan inform\u00f3 el Minsal, la alerta estar\u00e1 vigente hasta septiembre y permitir\u00e1 contratar personal de forma excepcional, agilizar compras de insumos m\u00e9dicos \u2014como mascarillas, ventiladores o vacunas\u2014 y redistribuir recursos en la red asistencial.<\/p>\n<p class=\"\" data-start=\"952\" data-end=\"1205\">Tambi\u00e9n se faculta a las Seremis de Salud para solicitar apoyo de Carabineros en fiscalizaciones, ordenar el uso obligatorio de mascarillas en centros asistenciales y, eventualmente, en otros espacios p\u00fablicos si las condiciones sanitarias lo requieren.<\/p>\n<p class=\"\" data-start=\"1207\" data-end=\"1431\">Desde el ministerio explicaron que esta medida no implica restricciones autom\u00e1ticas, como cuarentenas, pero s\u00ed entrega herramientas para actuar con rapidez ante brotes de influenza, sincicial u otros virus respiratorios.<\/p>\n<p class=\"\" data-start=\"1433\" data-end=\"1648\">Adem\u00e1s, permite restringir el funcionamiento de establecimientos que representen un riesgo sanitario, as\u00ed como exigir informaci\u00f3n actualizada sobre disponibilidad de camas en el sistema de salud p\u00fablico-privado.<\/p>\n","protected":false},"excerpt":{"rendered":"<p>La alerta estar\u00e1 vigente hasta septiembre de 2025 y entrega facultades extraordinarias a las autoridades de salud para enfrentar un eventual aumento de contagios. El&hellip; <\/p>\n","protected":false},"author":6,"featured_media":71752,"comment_status":"closed","ping_status":"closed","sticky":false,"template":"","format":"standard","meta":{"footnotes":""},"categories":[37],"tags":[],"class_list":["post-89896","post","type-post","status-publish","format-standard","has-post-thumbnail","hentry","category-nacional"],"_links":{"self":[{"href":"https:\/\/www.radioamigavallenar.cl\/index.php?rest_route=\/wp\/v2\/posts\/89896","targetHints":{"allow":["GET"]}}],"collection":[{"href":"https:\/\/www.radioamigavallenar.cl\/index.php?rest_route=\/wp\/v2\/posts"}],"about":[{"href":"https:\/\/www.radioamigavallenar.cl\/index.php?rest_route=\/wp\/v2\/types\/post"}],"author":[{"embeddable":true,"href":"https:\/\/www.radioamigavallenar.cl\/index.php?rest_route=\/wp\/v2\/users\/6"}],"replies":[{"embeddable":true,"href":"https:\/\/www.radioamigavallenar.cl\/index.php?rest_route=%2Fwp%2Fv2%2Fcomments&post=89896"}],"version-history":[{"count":1,"href":"https:\/\/www.radioamigavallenar.cl\/index.php?rest_route=\/wp\/v2\/posts\/89896\/revisions"}],"predecessor-version":[{"id":89897,"href":"https:\/\/www.radioamigavallenar.cl\/index.php?rest_route=\/wp\/v2\/posts\/89896\/revisions\/89897"}],"wp:featuredmedia":[{"embeddable":true,"href":"https:\/\/www.radioamigavallenar.cl\/index.php?rest_route=\/wp\/v2\/media\/71752"}],"wp:attachment":[{"href":"https:\/\/www.radioamigavallenar.cl\/index.php?rest_route=%2Fwp%2Fv2%2Fmedia&parent=89896"}],"wp:term":[{"taxonomy":"category","embeddable":true,"href":"https:\/\/www.radioamigavallenar.cl\/index.php?rest_route=%2Fwp%2Fv2%2Fcategories&post=89896"},{"taxonomy":"post_tag","embeddable":true,"href":"https:\/\/www.radioamigavallenar.cl\/index.php?rest_route=%2Fwp%2Fv2%2Ftags&post=89896"}],"curies":[{"name":"wp","href":"https:\/\/api.w.org\/{rel}","templated":true}]}}