{"id":89877,"date":"2025-03-25T08:41:15","date_gmt":"2025-03-25T11:41:15","guid":{"rendered":"https:\/\/www.radioamigavallenar.cl\/?p=89877"},"modified":"2025-03-25T08:41:15","modified_gmt":"2025-03-25T11:41:15","slug":"gobierno-aprueba-plan-para-proteger-al-gaviotin-chico-y-actualiza-norma-de-emision-para-termoelectricas","status":"publish","type":"post","link":"https:\/\/www.radioamigavallenar.cl\/?p=89877","title":{"rendered":"Gobierno aprueba plan para proteger al gaviot\u00edn chico y actualiza norma de emisi\u00f3n para termoel\u00e9ctricas"},"content":{"rendered":"<p class=\"\" data-start=\"301\" data-end=\"518\"><strong data-start=\"301\" data-end=\"518\">El Consejo de Ministros para la Sustentabilidad tambi\u00e9n dio luz verde al primer reglamento ambiental de la Ley para la Naturaleza, en el marco de la implementaci\u00f3n del Servicio de Biodiversidad y \u00c1reas Protegidas.<\/strong><\/p>\n<p class=\"\" data-start=\"520\" data-end=\"949\">El Consejo de Ministros para la Sustentabilidad y el Cambio Clim\u00e1tico, encabezado por la ministra del Medio Ambiente, Maisa Rojas, aprob\u00f3 este lunes tres medidas clave para fortalecer la protecci\u00f3n ambiental del pa\u00eds: el plan de recuperaci\u00f3n del gaviot\u00edn chico, la actualizaci\u00f3n de la norma de emisiones para centrales termoel\u00e9ctricas y el primer reglamento ambiental de la Ley para la Naturaleza.<\/p>\n<p class=\"\" data-start=\"951\" data-end=\"1496\">Entre las iniciativas destacadas, el Consejo respald\u00f3 el Plan de Recuperaci\u00f3n, Conservaci\u00f3n y Gesti\u00f3n de Especies (RECOGE) del gaviot\u00edn chico, ave migratoria catalogada \u201cen peligro\u201d que nidifica en el norte de Chile entre septiembre y enero. El plan \u2014impulsado por la Fundaci\u00f3n para la Sustentabilidad del Gaviot\u00edn Chico y apoyado por la Municipalidad de Mejillones y empresas privadas\u2014 contempla aumentar en al menos un 10% el n\u00famero de parejas reproductivas en las regiones de Arica y Parinacota, Tarapac\u00e1 y Antofagasta en un plazo de 10 a\u00f1os.<\/p>\n<p class=\"\" data-start=\"1498\" data-end=\"1737\">\u201cLa aprobaci\u00f3n de este plan demuestra c\u00f3mo el trabajo colaborativo entre el Estado, municipios y sector privado puede ayudar a proteger especies que forman parte del patrimonio natural y cultural del pa\u00eds\u201d, sostuvo la ministra Maisa Rojas.<\/p>\n<p class=\"\" data-start=\"1739\" data-end=\"1968\">El plan contempla medidas para reducir amenazas en sitios de nidificaci\u00f3n, como el tr\u00e1nsito fuera de ruta y la intromisi\u00f3n humana, adem\u00e1s de incorporar buenas pr\u00e1cticas en proyectos de inversi\u00f3n cercanos a h\u00e1bitats de la especie.<\/p>\n<p class=\"\" data-start=\"2015\" data-end=\"2342\">En la misma sesi\u00f3n, el Consejo aprob\u00f3 la actualizaci\u00f3n de la Norma de Emisi\u00f3n para Centrales Termoel\u00e9ctricas, vigente desde 2011. Esta revisi\u00f3n endurece los l\u00edmites permitidos de material particulado, di\u00f3xido de azufre (SO\u2082) y \u00f3xidos de nitr\u00f3geno (NOx), haci\u00e9ndolos extensivos a centrales ya existentes, y no solo a las nuevas.<\/p>\n<p class=\"\" data-start=\"2344\" data-end=\"2628\">\u201cLa actualizaci\u00f3n fortalece la regulaci\u00f3n ambiental y promueve una transici\u00f3n tecnol\u00f3gica justa hacia combustibles menos contaminantes, sin poner en riesgo la estabilidad del sistema el\u00e9ctrico ni las fuentes laborales\u201d, explic\u00f3 la seremi del Medio Ambiente de Atacama, Natalia Penroz.<\/p>\n<p class=\"\" data-start=\"2630\" data-end=\"2790\">Esta medida se alinea con el Plan de Descarbonizaci\u00f3n del Ministerio de Energ\u00eda, que establece la salida progresiva de las termoel\u00e9ctricas a carb\u00f3n al a\u00f1o 2040.<\/p>\n<p class=\"\" data-start=\"2842\" data-end=\"3225\">Finalmente, el Consejo aprob\u00f3 el reglamento del registro p\u00fablico de sanciones ambientales, en el marco de la implementaci\u00f3n del nuevo Servicio de Biodiversidad y \u00c1reas Protegidas (SBAP). Esta herramienta forma parte de la denominada \u201cLey de la Naturaleza\u201d y permitir\u00e1 avanzar en mayor transparencia, fiscalizaci\u00f3n y protecci\u00f3n efectiva de los ecosistemas y \u00e1reas protegidas del pa\u00eds.<\/p>\n","protected":false},"excerpt":{"rendered":"<p>El Consejo de Ministros para la Sustentabilidad tambi\u00e9n dio luz verde al primer reglamento ambiental de la Ley para la Naturaleza, en el marco de&hellip; <\/p>\n","protected":false},"author":6,"featured_media":89878,"comment_status":"closed","ping_status":"closed","sticky":false,"template":"","format":"standard","meta":{"footnotes":""},"categories":[7],"tags":[],"class_list":["post-89877","post","type-post","status-publish","format-standard","has-post-thumbnail","hentry","category-atacama"],"_links":{"self":[{"href":"https:\/\/www.radioamigavallenar.cl\/index.php?rest_route=\/wp\/v2\/posts\/89877","targetHints":{"allow":["GET"]}}],"collection":[{"href":"https:\/\/www.radioamigavallenar.cl\/index.php?rest_route=\/wp\/v2\/posts"}],"about":[{"href":"https:\/\/www.radioamigavallenar.cl\/index.php?rest_route=\/wp\/v2\/types\/post"}],"author":[{"embeddable":true,"href":"https:\/\/www.radioamigavallenar.cl\/index.php?rest_route=\/wp\/v2\/users\/6"}],"replies":[{"embeddable":true,"href":"https:\/\/www.radioamigavallenar.cl\/index.php?rest_route=%2Fwp%2Fv2%2Fcomments&post=89877"}],"version-history":[{"count":1,"href":"https:\/\/www.radioamigavallenar.cl\/index.php?rest_route=\/wp\/v2\/posts\/89877\/revisions"}],"predecessor-version":[{"id":89879,"href":"https:\/\/www.radioamigavallenar.cl\/index.php?rest_route=\/wp\/v2\/posts\/89877\/revisions\/89879"}],"wp:featuredmedia":[{"embeddable":true,"href":"https:\/\/www.radioamigavallenar.cl\/index.php?rest_route=\/wp\/v2\/media\/89878"}],"wp:attachment":[{"href":"https:\/\/www.radioamigavallenar.cl\/index.php?rest_route=%2Fwp%2Fv2%2Fmedia&parent=89877"}],"wp:term":[{"taxonomy":"category","embeddable":true,"href":"https:\/\/www.radioamigavallenar.cl\/index.php?rest_route=%2Fwp%2Fv2%2Fcategories&post=89877"},{"taxonomy":"post_tag","embeddable":true,"href":"https:\/\/www.radioamigavallenar.cl\/index.php?rest_route=%2Fwp%2Fv2%2Ftags&post=89877"}],"curies":[{"name":"wp","href":"https:\/\/api.w.org\/{rel}","templated":true}]}}