{"id":89874,"date":"2025-03-25T08:29:17","date_gmt":"2025-03-25T11:29:17","guid":{"rendered":"https:\/\/www.radioamigavallenar.cl\/?p=89874"},"modified":"2025-03-25T08:29:17","modified_gmt":"2025-03-25T11:29:17","slug":"la-tv-publica-y-su-importancia-para-un-pais-informado","status":"publish","type":"post","link":"https:\/\/www.radioamigavallenar.cl\/?p=89874","title":{"rendered":"La TV p\u00fablica y su importancia para un pa\u00eds informado"},"content":{"rendered":"<p class=\"\" data-start=\"263\" data-end=\"329\"><strong data-start=\"263\" data-end=\"329\">Por Sebasti\u00e1n Fergadiotti L\u00f3pez, Seremi de Gobierno de Atacama<\/strong><\/p>\n<p class=\"\" data-start=\"331\" data-end=\"822\">La industria televisiva atraviesa un ciclo complejo, marcado por nuevas formas de comunicaci\u00f3n y un contexto econ\u00f3mico desafiante. En este escenario, la continuidad de los medios de car\u00e1cter p\u00fablico, como Televisi\u00f3n Nacional de Chile (TVN), se vuelve a\u00fan m\u00e1s relevante. Pese a que TVN se financia principalmente por recursos propios v\u00eda publicidad \u2014salvo su se\u00f1al cultural NTV\u2014, su rol como canal estatal lo posiciona como un actor fundamental para la democracia y la informaci\u00f3n en el pa\u00eds.<\/p>\n<p class=\"\" data-start=\"824\" data-end=\"1068\">Durante 2023, el Ejecutivo present\u00f3 indicaciones al proyecto de ley original del expresidente Sebasti\u00e1n Pi\u00f1era, con el objetivo de modernizar y asegurar el futuro de TVN. Estas modificaciones se articulan en torno a cuatro ejes fundamentales:<\/p>\n<ol data-start=\"1069\" data-end=\"1383\">\n<li class=\"\" data-start=\"1069\" data-end=\"1120\">\n<p class=\"\" data-start=\"1072\" data-end=\"1120\"><strong>Ampliaci\u00f3n de la misi\u00f3n p\u00fablica del canal,<\/strong><\/p>\n<\/li>\n<li class=\"\" data-start=\"1121\" data-end=\"1226\">\n<p class=\"\" data-start=\"1124\" data-end=\"1226\"><strong>Reforma en la gobernanza, incluyendo la incorporaci\u00f3n de nuevos representantes en el directorio,<\/strong><\/p>\n<\/li>\n<li class=\"\" data-start=\"1227\" data-end=\"1274\">\n<p class=\"\" data-start=\"1230\" data-end=\"1274\"><strong>Actualizaci\u00f3n del r\u00e9gimen econ\u00f3mico, y<\/strong><\/p>\n<\/li>\n<li class=\"\" data-start=\"1275\" data-end=\"1383\">\n<p class=\"\" data-start=\"1278\" data-end=\"1383\"><strong>Dise\u00f1o de un nuevo modelo de financiamiento para asegurar aquellas funciones esenciales de su misi\u00f3n.<\/strong><\/p>\n<\/li>\n<\/ol>\n<p class=\"\" data-start=\"1385\" data-end=\"1743\">Uno de los aspectos m\u00e1s relevantes propuestos por el Gobierno del Presidente Gabriel Boric, a trav\u00e9s del Ministerio Secretar\u00eda General de Gobierno, ha sido reforzar la gobernanza de la se\u00f1al estatal. Esto incluye incorporar representaci\u00f3n de los trabajadores en el Directorio, medida que apunta a democratizar su administraci\u00f3n y fortalecer su independencia.<\/p>\n<p class=\"\" data-start=\"1745\" data-end=\"2171\">Respecto al financiamiento, el proyecto diferencia entre las fuentes de ingreso seg\u00fan el tipo de contenido. La se\u00f1al principal y Canal 24 Horas seguir\u00e1n operando bajo un modelo comercial, sustentado por la venta de publicidad. En cambio, NTV, la se\u00f1al dedicada a contenidos educativos y culturales para ni\u00f1as, ni\u00f1os y adolescentes, continuar\u00e1 recibiendo financiamiento estatal, dada su misi\u00f3n formativa y no comercial.<\/p>\n<p class=\"\" data-start=\"2173\" data-end=\"2546\">Para las funciones propias del mandato p\u00fablico de TVN \u2014como la se\u00f1al internacional o los centros regionales\u2014, el Gobierno propone una soluci\u00f3n estructural: la creaci\u00f3n de un fondo patrimonial o endowment, que sea administrado por una entidad aut\u00f3noma. Este fondo busca garantizar estabilidad financiera a largo plazo, independiente de los ciclos econ\u00f3micos o pol\u00edticos.<\/p>\n<p class=\"\" data-start=\"2548\" data-end=\"2860\">Frente a la creciente irrupci\u00f3n de plataformas digitales y a la inestabilidad del mercado televisivo, este tipo de mecanismo permitir\u00eda dotar a TVN de los recursos necesarios para cumplir su labor informativa, cultural y territorial, sin comprometer su autonom\u00eda editorial ni depender de decisiones coyunturales.<\/p>\n<p class=\"\" data-start=\"2862\" data-end=\"3188\">En ese sentido, fortalecer al canal de todos los chilenos no es solo una necesidad t\u00e9cnica, sino una responsabilidad democr\u00e1tica. Asegurar que TVN pueda seguir informando, educando y conectando a todo el pa\u00eds \u2014incluidos los rincones m\u00e1s apartados de nuestra geograf\u00eda\u2014 es un deber del Estado y de todos los sectores pol\u00edticos.<\/p>\n<p class=\"\" data-start=\"3190\" data-end=\"3471\">Por ello, hacemos un llamado al Congreso Nacional a aprobar este proyecto de ley. Dotar a TVN de herramientas modernas para enfrentar los desaf\u00edos actuales es tambi\u00e9n una forma de proteger el derecho de las personas a estar informadas con pluralismo, calidad y equidad territorial.<\/p>\n<p class=\"\" data-start=\"3473\" data-end=\"3701\">Chile necesita una televisi\u00f3n p\u00fablica fuerte, sostenible y cercana a su gente. Asegurar su futuro es asegurar el derecho a una informaci\u00f3n veraz y al acceso a la cultura y la identidad regional. En esto, no puede haber titubeos.<\/p>\n","protected":false},"excerpt":{"rendered":"<p>Por Sebasti\u00e1n Fergadiotti L\u00f3pez, Seremi de Gobierno de Atacama La industria televisiva atraviesa un ciclo complejo, marcado por nuevas formas de comunicaci\u00f3n y un contexto&hellip; <\/p>\n","protected":false},"author":6,"featured_media":89875,"comment_status":"closed","ping_status":"closed","sticky":false,"template":"","format":"standard","meta":{"footnotes":""},"categories":[7],"tags":[],"class_list":["post-89874","post","type-post","status-publish","format-standard","has-post-thumbnail","hentry","category-atacama"],"_links":{"self":[{"href":"https:\/\/www.radioamigavallenar.cl\/index.php?rest_route=\/wp\/v2\/posts\/89874","targetHints":{"allow":["GET"]}}],"collection":[{"href":"https:\/\/www.radioamigavallenar.cl\/index.php?rest_route=\/wp\/v2\/posts"}],"about":[{"href":"https:\/\/www.radioamigavallenar.cl\/index.php?rest_route=\/wp\/v2\/types\/post"}],"author":[{"embeddable":true,"href":"https:\/\/www.radioamigavallenar.cl\/index.php?rest_route=\/wp\/v2\/users\/6"}],"replies":[{"embeddable":true,"href":"https:\/\/www.radioamigavallenar.cl\/index.php?rest_route=%2Fwp%2Fv2%2Fcomments&post=89874"}],"version-history":[{"count":1,"href":"https:\/\/www.radioamigavallenar.cl\/index.php?rest_route=\/wp\/v2\/posts\/89874\/revisions"}],"predecessor-version":[{"id":89876,"href":"https:\/\/www.radioamigavallenar.cl\/index.php?rest_route=\/wp\/v2\/posts\/89874\/revisions\/89876"}],"wp:featuredmedia":[{"embeddable":true,"href":"https:\/\/www.radioamigavallenar.cl\/index.php?rest_route=\/wp\/v2\/media\/89875"}],"wp:attachment":[{"href":"https:\/\/www.radioamigavallenar.cl\/index.php?rest_route=%2Fwp%2Fv2%2Fmedia&parent=89874"}],"wp:term":[{"taxonomy":"category","embeddable":true,"href":"https:\/\/www.radioamigavallenar.cl\/index.php?rest_route=%2Fwp%2Fv2%2Fcategories&post=89874"},{"taxonomy":"post_tag","embeddable":true,"href":"https:\/\/www.radioamigavallenar.cl\/index.php?rest_route=%2Fwp%2Fv2%2Ftags&post=89874"}],"curies":[{"name":"wp","href":"https:\/\/api.w.org\/{rel}","templated":true}]}}