{"id":89871,"date":"2025-03-25T08:23:31","date_gmt":"2025-03-25T11:23:31","guid":{"rendered":"https:\/\/www.radioamigavallenar.cl\/?p=89871"},"modified":"2025-03-25T08:23:31","modified_gmt":"2025-03-25T11:23:31","slug":"a-10-anos-del-aluvion-en-atacama-el-mop-destaca-obras-clave-en-recuperacion-y-resiliencia-de-la-region","status":"publish","type":"post","link":"https:\/\/www.radioamigavallenar.cl\/?p=89871","title":{"rendered":"A 10 a\u00f1os del aluvi\u00f3n en Atacama: el MOP destaca obras clave en recuperaci\u00f3n y resiliencia de la regi\u00f3n"},"content":{"rendered":"<p class=\"\" data-start=\"229\" data-end=\"417\"><strong data-start=\"229\" data-end=\"417\">El Ministerio de Obras P\u00fablicas ha invertido m\u00e1s de $94.900 millones en la \u00faltima d\u00e9cada en obras de infraestructura, mitigaci\u00f3n de riesgos y monitoreo para prevenir futuras tragedias.<\/strong><\/p>\n<p class=\"\" data-start=\"419\" data-end=\"781\">Marzo de 2025 marca una d\u00e9cada desde el aluvi\u00f3n que devast\u00f3 la Regi\u00f3n de Atacama en 2015, uno de los eventos hidrometeorol\u00f3gicos m\u00e1s destructivos de los \u00faltimos a\u00f1os. En este contexto, el Ministerio de Obras P\u00fablicas (MOP) destac\u00f3 su rol en la recuperaci\u00f3n de la zona y los avances en obras de mitigaci\u00f3n y resiliencia para enfrentar futuros desastres naturales.<\/p>\n<p class=\"\" data-start=\"835\" data-end=\"1264\">Desde el inicio de la emergencia, equipos de todas las direcciones del MOP se desplegaron en la regi\u00f3n para restablecer caminos, puentes y servicios esenciales. La Direcci\u00f3n de Vialidad fue clave en el despeje de rutas, recuperaci\u00f3n de conectividad y reparaci\u00f3n de infraestructura cr\u00edtica. Estas acciones permitieron no solo reactivar la vida cotidiana, sino tambi\u00e9n reforzar la seguridad vial frente a nuevos eventos clim\u00e1ticos.<\/p>\n<p class=\"\" data-start=\"1322\" data-end=\"1673\">El seremi del MOP en Atacama, Mauricio Guaita Juantok, subray\u00f3 que desde 2015 se ha impulsado una robusta cartera de proyectos. \u201cHemos trabajado en la conservaci\u00f3n de cauces, obras fluviales, control aluvional y modernizaci\u00f3n de estaciones de monitoreo. Estas iniciativas han sido fundamentales para fortalecer la resiliencia de nuestras comunidades\u201d.<\/p>\n<p class=\"\" data-start=\"1675\" data-end=\"2207\">Por su parte, el director regional de Obras Hidr\u00e1ulicas, Luis Verdugo Cer\u00f3n, detall\u00f3 que solo en 2024 se invirtieron $16.700 millones en obras como la tercera etapa del control aluvional en Quebrada de Paipote (Copiap\u00f3) y nuevas intervenciones en el R\u00edo Salado (Cha\u00f1aral). \u201cDesde 2015, la inversi\u00f3n total supera los $94.900 millones, con hitos relevantes en 2017 y 2024. Para el periodo 2022-2025, se proyecta una inversi\u00f3n acumulada de $54.000 millones, lo que representa un aumento de m\u00e1s del 80% respecto al cuatrienio anterior\u201d.<\/p>\n<p class=\"\" data-start=\"2261\" data-end=\"2662\">Entre las obras m\u00e1s significativas figuran las intervenciones en las cuencas de los r\u00edos Copiap\u00f3, Salado, Paipote, El Carmen y Tr\u00e1nsito. Estas construcciones han sido claves para la mitigaci\u00f3n de riesgos y la protecci\u00f3n de comunidades vulnerables. Muchos de estos proyectos ya cuentan con Resoluci\u00f3n de Calificaci\u00f3n Ambiental (RCA), fruto del dise\u00f1o de ingenier\u00eda desarrollado tras el aluvi\u00f3n de 2015.<\/p>\n<p class=\"\" data-start=\"2664\" data-end=\"2982\">El director regional de Aguas, Rodrigo S\u00e1ez Guti\u00e9rrez, destac\u00f3 el fortalecimiento del sistema de monitoreo: \u201cEn 2015 cont\u00e1bamos con una sola estaci\u00f3n con transmisi\u00f3n de datos. Hoy, tenemos una red de 76 estaciones con tecnolog\u00eda satelital, lo que representa un aumento del 7.600% en la capacidad de medici\u00f3n en l\u00ednea\u201d.<\/p>\n<p class=\"\" data-start=\"3036\" data-end=\"3434\">La directora regional de Aeropuertos, Ang\u00e9lica Munizaga, explic\u00f3 que se han implementado puntos de posada para helic\u00f3pteros en comunas como Cha\u00f1aral, Caldera, Copiap\u00f3, Huasco y Alto del Carmen. Adem\u00e1s, se proyectan nuevos puntos en El Salado (Cha\u00f1aral) y Los Loros (Tierra Amarilla). \u201cEstas obras permiten fortalecer la respuesta a\u00e9rea ante emergencias y mejorar la conectividad del borde costero\u201d.<\/p>\n<p class=\"\" data-start=\"3436\" data-end=\"3568\">Tambi\u00e9n se incorpor\u00f3 a la red el aer\u00f3dromo El Gran Ca\u00f1\u00f3n, en Carrizal Bajo, mejorando la cobertura a\u00e9rea en la provincia del Huasco. El seremi Mauricio Guaita fue enf\u00e1tico: \u201cNuestro compromiso no es solo reconstruir, sino construir un futuro m\u00e1s seguro y resiliente para Atacama. Seguiremos trabajando para mejorar la infraestructura, implementar medidas preventivas y proteger a nuestras comunidades ante los efectos del cambio clim\u00e1tico\u201d.<\/p>\n","protected":false},"excerpt":{"rendered":"<p>El Ministerio de Obras P\u00fablicas ha invertido m\u00e1s de $94.900 millones en la \u00faltima d\u00e9cada en obras de infraestructura, mitigaci\u00f3n de riesgos y monitoreo para&hellip; <\/p>\n","protected":false},"author":6,"featured_media":89872,"comment_status":"closed","ping_status":"closed","sticky":false,"template":"","format":"standard","meta":{"footnotes":""},"categories":[38],"tags":[],"class_list":["post-89871","post","type-post","status-publish","format-standard","has-post-thumbnail","hentry","category-portada-regional"],"_links":{"self":[{"href":"https:\/\/www.radioamigavallenar.cl\/index.php?rest_route=\/wp\/v2\/posts\/89871","targetHints":{"allow":["GET"]}}],"collection":[{"href":"https:\/\/www.radioamigavallenar.cl\/index.php?rest_route=\/wp\/v2\/posts"}],"about":[{"href":"https:\/\/www.radioamigavallenar.cl\/index.php?rest_route=\/wp\/v2\/types\/post"}],"author":[{"embeddable":true,"href":"https:\/\/www.radioamigavallenar.cl\/index.php?rest_route=\/wp\/v2\/users\/6"}],"replies":[{"embeddable":true,"href":"https:\/\/www.radioamigavallenar.cl\/index.php?rest_route=%2Fwp%2Fv2%2Fcomments&post=89871"}],"version-history":[{"count":1,"href":"https:\/\/www.radioamigavallenar.cl\/index.php?rest_route=\/wp\/v2\/posts\/89871\/revisions"}],"predecessor-version":[{"id":89873,"href":"https:\/\/www.radioamigavallenar.cl\/index.php?rest_route=\/wp\/v2\/posts\/89871\/revisions\/89873"}],"wp:featuredmedia":[{"embeddable":true,"href":"https:\/\/www.radioamigavallenar.cl\/index.php?rest_route=\/wp\/v2\/media\/89872"}],"wp:attachment":[{"href":"https:\/\/www.radioamigavallenar.cl\/index.php?rest_route=%2Fwp%2Fv2%2Fmedia&parent=89871"}],"wp:term":[{"taxonomy":"category","embeddable":true,"href":"https:\/\/www.radioamigavallenar.cl\/index.php?rest_route=%2Fwp%2Fv2%2Fcategories&post=89871"},{"taxonomy":"post_tag","embeddable":true,"href":"https:\/\/www.radioamigavallenar.cl\/index.php?rest_route=%2Fwp%2Fv2%2Ftags&post=89871"}],"curies":[{"name":"wp","href":"https:\/\/api.w.org\/{rel}","templated":true}]}}