{"id":89868,"date":"2025-03-25T08:18:02","date_gmt":"2025-03-25T11:18:02","guid":{"rendered":"https:\/\/www.radioamigavallenar.cl\/?p=89868"},"modified":"2025-03-25T08:18:02","modified_gmt":"2025-03-25T11:18:02","slug":"seis-agrupaciones-daran-vida-a-la-temporada-de-conciertos-sinfonia-del-desierto-en-copiapo","status":"publish","type":"post","link":"https:\/\/www.radioamigavallenar.cl\/?p=89868","title":{"rendered":"Seis agrupaciones dar\u00e1n vida a la temporada de conciertos \u201cSinfon\u00eda del Desierto\u201d en Copiap\u00f3"},"content":{"rendered":"<p class=\"\" data-start=\"215\" data-end=\"394\"><strong data-start=\"215\" data-end=\"394\">La iniciativa contempla seis fechas en distintos espacios culturales de la capital regional. El ciclo comienza el 27 de marzo con el Cuarteto Malvilla en Casa Maldini Tornini.<\/strong><\/p>\n<p class=\"\" data-start=\"396\" data-end=\"723\">Con el prop\u00f3sito de difundir la m\u00fasica regional, promover la identidad local y acercar diversos g\u00e9neros musicales a la comunidad, se desarrollar\u00e1 en Copiap\u00f3 la primera temporada de conciertos \u201cSinfon\u00eda del Desierto\u201d, una iniciativa financiada por el Fondo de la M\u00fasica del Ministerio de las Culturas, las Artes y el Patrimonio.<\/p>\n<p class=\"\" data-start=\"725\" data-end=\"1203\">El ciclo contempla seis presentaciones protagonizadas por destacadas agrupaciones de la Regi\u00f3n de Atacama, como el Cuarteto Malvilla, el Ensamble de Cuerdas Copiapoa, el D\u00fao Experimental M.O.N.O.S, el D\u00fao Sonoro Inmersivo Pachacama, la Orquesta de C\u00e1mara Atacama y el Tr\u00edo de Jazz Patricio Varela. Los conciertos se realizar\u00e1n en espacios patrimoniales y culturales como la Sala de C\u00e1mara, el Auditorium del Liceo de M\u00fasica, la Casa Maldini Tornini y el Centro Cultural Atacama.<\/p>\n<p class=\"\" data-start=\"1245\" data-end=\"1630\">El concierto inaugural se llevar\u00e1 a cabo el pr\u00f3ximo jueves 27 de marzo a las 18:00 horas en la Casa Maldini Tornini, y estar\u00e1 a cargo del Cuarteto de Vientos Malvilla, agrupaci\u00f3n integrada por mujeres m\u00fasicas. La presentaci\u00f3n conmemorar\u00e1 el Mes de la Mujer y contar\u00e1 con un repertorio que incluye obras de m\u00fasica docta, latinoamericana y regional. La entrada ser\u00e1 liberada.<\/p>\n<p class=\"\" data-start=\"1668\" data-end=\"2013\">Sheyla Araya Jofr\u00e9, seremi subrogante de las Culturas, destac\u00f3 que esta temporada \u201cpermite brindar a la ciudadan\u00eda una programaci\u00f3n diversa, con artistas emergentes y de trayectoria, en conexi\u00f3n con espacios patrimoniales y el legado del Liceo de M\u00fasica. Adem\u00e1s, incorpora la m\u00fasica terap\u00e9utica, conjugando arte, bienestar e identidad regional\u201d.<\/p>\n<p class=\"\" data-start=\"2015\" data-end=\"2350\">Por su parte, Gloria Collao, directora del ciclo, recalc\u00f3 la diversidad de g\u00e9neros presentes en la programaci\u00f3n. \u201cSinfon\u00eda del Desierto destaca por su versatilidad, con repertorios que van desde lo cl\u00e1sico hasta lo contempor\u00e1neo. Queremos visibilizar la riqueza musical y cultural de Atacama a trav\u00e9s de sus propios creadores\u201d, afirm\u00f3.<\/p>\n<p class=\"\" data-start=\"2377\" data-end=\"2707\">Las fechas y locaciones de los conciertos ser\u00e1n informadas en la cuenta de Instagram oficial del proyecto <a href=\"https:\/\/www.instagram.com\/sinfoniadeldesierto\" target=\"_new\" rel=\"noopener\" data-start=\"2483\" data-end=\"2552\">@sinfoniadeldesierto<\/a>. La iniciativa busca posicionarse como un referente anual en la programaci\u00f3n art\u00edstica de la regi\u00f3n, ofreciendo conciertos gratuitos para toda la familia.<\/p>\n<p class=\"\" data-start=\"2709\" data-end=\"3094\">El Cuarteto Malvilla, compuesto por mujeres int\u00e9rpretes de instrumentos de viento, expres\u00f3 su entusiasmo por abrir la temporada. \u201cPara nosotras es muy significativo inaugurar este ciclo en el marco del Mes de la Mujer. Estamos orgullosas de representar a las m\u00fasicas de Atacama en este espacio de visibilizaci\u00f3n y encuentro\u201d, se\u00f1alaron las integrantes Jeniffer Acu\u00f1a y Carolina Angulo.<\/p>\n<p class=\"\" data-start=\"3096\" data-end=\"3271\">M\u00e1s informaci\u00f3n sobre la agrupaci\u00f3n se puede encontrar en su sitio web <a href=\"http:\/\/www.cuartetomalvilla.cl\" target=\"_new\" rel=\"noopener\" data-start=\"3167\" data-end=\"3224\">www.cuartetomalvilla.cl<\/a> y en su cuenta de Instagram @cuartetomalvilla.<\/p>\n","protected":false},"excerpt":{"rendered":"<p>La iniciativa contempla seis fechas en distintos espacios culturales de la capital regional. El ciclo comienza el 27 de marzo con el Cuarteto Malvilla en&hellip; <\/p>\n","protected":false},"author":6,"featured_media":89869,"comment_status":"closed","ping_status":"closed","sticky":false,"template":"","format":"standard","meta":{"footnotes":""},"categories":[7],"tags":[],"class_list":["post-89868","post","type-post","status-publish","format-standard","has-post-thumbnail","hentry","category-atacama"],"_links":{"self":[{"href":"https:\/\/www.radioamigavallenar.cl\/index.php?rest_route=\/wp\/v2\/posts\/89868","targetHints":{"allow":["GET"]}}],"collection":[{"href":"https:\/\/www.radioamigavallenar.cl\/index.php?rest_route=\/wp\/v2\/posts"}],"about":[{"href":"https:\/\/www.radioamigavallenar.cl\/index.php?rest_route=\/wp\/v2\/types\/post"}],"author":[{"embeddable":true,"href":"https:\/\/www.radioamigavallenar.cl\/index.php?rest_route=\/wp\/v2\/users\/6"}],"replies":[{"embeddable":true,"href":"https:\/\/www.radioamigavallenar.cl\/index.php?rest_route=%2Fwp%2Fv2%2Fcomments&post=89868"}],"version-history":[{"count":1,"href":"https:\/\/www.radioamigavallenar.cl\/index.php?rest_route=\/wp\/v2\/posts\/89868\/revisions"}],"predecessor-version":[{"id":89870,"href":"https:\/\/www.radioamigavallenar.cl\/index.php?rest_route=\/wp\/v2\/posts\/89868\/revisions\/89870"}],"wp:featuredmedia":[{"embeddable":true,"href":"https:\/\/www.radioamigavallenar.cl\/index.php?rest_route=\/wp\/v2\/media\/89869"}],"wp:attachment":[{"href":"https:\/\/www.radioamigavallenar.cl\/index.php?rest_route=%2Fwp%2Fv2%2Fmedia&parent=89868"}],"wp:term":[{"taxonomy":"category","embeddable":true,"href":"https:\/\/www.radioamigavallenar.cl\/index.php?rest_route=%2Fwp%2Fv2%2Fcategories&post=89868"},{"taxonomy":"post_tag","embeddable":true,"href":"https:\/\/www.radioamigavallenar.cl\/index.php?rest_route=%2Fwp%2Fv2%2Ftags&post=89868"}],"curies":[{"name":"wp","href":"https:\/\/api.w.org\/{rel}","templated":true}]}}