{"id":89865,"date":"2025-03-24T00:00:35","date_gmt":"2025-03-24T03:00:35","guid":{"rendered":"https:\/\/www.radioamigavallenar.cl\/?p=89865"},"modified":"2025-03-24T00:00:35","modified_gmt":"2025-03-24T03:00:35","slug":"carolina-toha-alcanza-22-en-cadem-y-se-acerca-a-evelyn-matthei-en-escenario-presidencial","status":"publish","type":"post","link":"https:\/\/www.radioamigavallenar.cl\/?p=89865","title":{"rendered":"Carolina Toh\u00e1 alcanza 22% en Cadem y se acerca a Evelyn Matthei en escenario presidencial"},"content":{"rendered":"<p class=\"\" data-start=\"217\" data-end=\"384\"><strong>La ministra del Interior figura cinco puntos por debajo de la alcaldesa de Providencia en una eventual primera vuelta, seg\u00fan los \u00faltimos resultados de Plaza P\u00fablica.<\/strong><\/p>\n<p class=\"\" data-start=\"386\" data-end=\"718\">La encuesta Plaza P\u00fablica Cadem revel\u00f3 este domingo un importante avance de Carolina Toh\u00e1 (PPD) en el escenario presidencial. La actual ministra del Interior alcanz\u00f3 un 22% de apoyo en una eventual primera vuelta, quedando a s\u00f3lo cinco puntos de Evelyn Matthei (Chile Vamos), quien lidera con un 27%.<\/p>\n<p class=\"\" data-start=\"720\" data-end=\"1218\">El sondeo, aplicado entre el mi\u00e9rcoles 19 y viernes 21 de marzo a 709 personas, consult\u00f3 por preferencias frente a un listado cerrado de posibles candidatos. En ese contexto, Jos\u00e9 Antonio Kast (Partido Republicano) obtuvo un 14%, seguido por Johannes Kaiser (Partido Nacional Libertario) con 13%, Franco Parisi (Partido de la Gente) con 6%, y Harold Mayne-Nicholls con 3%. Ximena Rinc\u00f3n (Dem\u00f3cratas), Eduardo Art\u00e9s (Uni\u00f3n Patri\u00f3tica) y Alberto Undurraga (Democracia Cristiana) marcaron 1% cada uno.<\/p>\n<p class=\"\" data-start=\"1220\" data-end=\"1416\">En un segundo escenario, con la comunista Jeannette Jara como candidata del oficialismo en lugar de Toh\u00e1, su respaldo cae al 9%, quedando cuarta detr\u00e1s de Matthei (31%), Kast (13%) y Kaiser (13%).<\/p>\n<p class=\"\" data-start=\"1471\" data-end=\"1683\">Al consultar por menciones espont\u00e1neas \u2014sin entregar nombres\u2014, Matthei se mantiene como la figura con mayor respaldo (20%), seguida de Kaiser (11%), Kast (10%), Toh\u00e1 (8%) y la expresidenta Michelle Bachelet (5%).<\/p>\n<p class=\"\" data-start=\"1685\" data-end=\"1847\">Por otro lado, la aprobaci\u00f3n del presidente Gabriel Boric registr\u00f3 una leve alza, subiendo del 28% al 32%, mientras que su desaprobaci\u00f3n descendi\u00f3 del 67% al 63%.<\/p>\n<p class=\"\" data-start=\"1849\" data-end=\"2239\">En relaci\u00f3n con la reciente filtraci\u00f3n de chats entre la diputada Karol Cariola y la alcaldesa Irac\u00ed Hassler, el 79% de los encuestados afirm\u00f3 estar al tanto del hecho. De ese grupo, un 54% consider\u00f3 negativa la filtraci\u00f3n, aunque el 52% estuvo de acuerdo con que los medios difundan conversaciones privadas de figuras p\u00fablicas. El 66% opin\u00f3 que la filtraci\u00f3n tuvo intencionalidad pol\u00edtica.<\/p>\n","protected":false},"excerpt":{"rendered":"<p>La ministra del Interior figura cinco puntos por debajo de la alcaldesa de Providencia en una eventual primera vuelta, seg\u00fan los \u00faltimos resultados de Plaza&hellip; <\/p>\n","protected":false},"author":6,"featured_media":83646,"comment_status":"closed","ping_status":"closed","sticky":false,"template":"","format":"standard","meta":{"footnotes":""},"categories":[37],"tags":[],"class_list":["post-89865","post","type-post","status-publish","format-standard","has-post-thumbnail","hentry","category-nacional"],"_links":{"self":[{"href":"https:\/\/www.radioamigavallenar.cl\/index.php?rest_route=\/wp\/v2\/posts\/89865","targetHints":{"allow":["GET"]}}],"collection":[{"href":"https:\/\/www.radioamigavallenar.cl\/index.php?rest_route=\/wp\/v2\/posts"}],"about":[{"href":"https:\/\/www.radioamigavallenar.cl\/index.php?rest_route=\/wp\/v2\/types\/post"}],"author":[{"embeddable":true,"href":"https:\/\/www.radioamigavallenar.cl\/index.php?rest_route=\/wp\/v2\/users\/6"}],"replies":[{"embeddable":true,"href":"https:\/\/www.radioamigavallenar.cl\/index.php?rest_route=%2Fwp%2Fv2%2Fcomments&post=89865"}],"version-history":[{"count":1,"href":"https:\/\/www.radioamigavallenar.cl\/index.php?rest_route=\/wp\/v2\/posts\/89865\/revisions"}],"predecessor-version":[{"id":89866,"href":"https:\/\/www.radioamigavallenar.cl\/index.php?rest_route=\/wp\/v2\/posts\/89865\/revisions\/89866"}],"wp:featuredmedia":[{"embeddable":true,"href":"https:\/\/www.radioamigavallenar.cl\/index.php?rest_route=\/wp\/v2\/media\/83646"}],"wp:attachment":[{"href":"https:\/\/www.radioamigavallenar.cl\/index.php?rest_route=%2Fwp%2Fv2%2Fmedia&parent=89865"}],"wp:term":[{"taxonomy":"category","embeddable":true,"href":"https:\/\/www.radioamigavallenar.cl\/index.php?rest_route=%2Fwp%2Fv2%2Fcategories&post=89865"},{"taxonomy":"post_tag","embeddable":true,"href":"https:\/\/www.radioamigavallenar.cl\/index.php?rest_route=%2Fwp%2Fv2%2Ftags&post=89865"}],"curies":[{"name":"wp","href":"https:\/\/api.w.org\/{rel}","templated":true}]}}