{"id":89861,"date":"2025-03-24T00:02:47","date_gmt":"2025-03-24T03:02:47","guid":{"rendered":"https:\/\/www.radioamigavallenar.cl\/?p=89861"},"modified":"2025-03-24T00:02:51","modified_gmt":"2025-03-24T03:02:51","slug":"vallenar-autoridades-acuerdan-plan-conjunto-para-reforzar-la-seguridad-ciudadana","status":"publish","type":"post","link":"https:\/\/www.radioamigavallenar.cl\/?p=89861","title":{"rendered":"Vallenar: Autoridades acuerdan plan conjunto para reforzar la seguridad ciudadana"},"content":{"rendered":"<p class=\"\" data-start=\"204\" data-end=\"453\"><strong>El Gobernador Regional, la Delegada Presidencial, el alcalde de Vallenar y representantes de diversos organismos p\u00fablicos comprometieron medidas concretas como aumento de vigilancia, reparaci\u00f3n de c\u00e1maras y nuevos servicios policiales coordinados.<\/strong><\/p>\n<p class=\"\" data-start=\"455\" data-end=\"806\">En respuesta a las demandas ciudadanas por mayor seguridad, autoridades regionales, comunales y de Gobierno sostuvieron este viernes una reuni\u00f3n de trabajo en Vallenar, instancia en la que se acordaron acciones concretas para fortalecer la prevenci\u00f3n del delito y la seguridad urbana en distintos sectores de la comuna.<\/p>\n<p class=\"\" data-start=\"808\" data-end=\"1184\">En la cita participaron el Gobernador Regional de Atacama, Miguel Vargas Correa; la Delegada Presidencial Provincial del Huasco, Karina Z\u00e1rate; el alcalde de Vallenar, V\u00edctor Isla Lutz; concejales; la coordinadora regional de la Subsecretar\u00eda de Prevenci\u00f3n del Delito, Lorna Bown; adem\u00e1s de equipos t\u00e9cnicos del Gobierno Regional, la Municipalidad de Vallenar y la DPP Huasco.<\/p>\n<p class=\"\" data-start=\"1186\" data-end=\"1628\">Las medidas acordadas se basan en el trabajo previo con la comunidad y contemplan la implementaci\u00f3n de un plan de fortalecimiento de sistemas de televigilancia, mejoramiento del alumbrado p\u00fablico en sectores cr\u00edticos, incremento de la dotaci\u00f3n municipal de seguridad ciudadana, adquisici\u00f3n de motocicletas, aumento y reparaci\u00f3n de c\u00e1maras de seguridad, y realizaci\u00f3n de patrullajes conjuntos entre Carabineros y personal de Seguridad Comunal.<\/p>\n<p class=\"\" data-start=\"1630\" data-end=\"2110\">La delegada Karina Z\u00e1rate destac\u00f3 el trabajo coordinado entre las instituciones y el rol activo de las organizaciones sociales. \u201cEl municipio ha demostrado gran compromiso al poner a disposici\u00f3n su equipo y recursos. Tambi\u00e9n valoramos la participaci\u00f3n de las juntas de vecinos, que han sido clave para levantar las inquietudes del territorio. Lo m\u00e1s importante es trabajar de forma articulada, con un objetivo com\u00fan: devolver la tranquilidad a nuestras vecinas y vecinos\u201d, indic\u00f3.<\/p>\n<audio class=\"wp-audio-shortcode\" id=\"audio-89861-1\" preload=\"none\" style=\"width: 100%;\" controls=\"controls\"><source type=\"audio\/mpeg\" src=\"https:\/\/www.radioamigavallenar.cl\/wp-content\/uploads\/2025\/03\/WhatsApp-Audio-2025-03-23-at-22.53.01.mp3?_=1\" \/><a href=\"https:\/\/www.radioamigavallenar.cl\/wp-content\/uploads\/2025\/03\/WhatsApp-Audio-2025-03-23-at-22.53.01.mp3\">https:\/\/www.radioamigavallenar.cl\/wp-content\/uploads\/2025\/03\/WhatsApp-Audio-2025-03-23-at-22.53.01.mp3<\/a><\/audio>\n<p class=\"\" data-start=\"2112\" data-end=\"2413\">Por su parte, las autoridades presentes coincidieron en que, si bien estos avances son significativos, a\u00fan queda mucho por hacer. El compromiso, recalcaron, es continuar las gestiones necesarias para implementar nuevas acciones que respondan a las prioridades de la ciudadan\u00eda en materia de seguridad.<\/p>\n","protected":false},"excerpt":{"rendered":"<p>El Gobernador Regional, la Delegada Presidencial, el alcalde de Vallenar y representantes de diversos organismos p\u00fablicos comprometieron medidas concretas como aumento de vigilancia, reparaci\u00f3n de&hellip; <\/p>\n","protected":false},"author":6,"featured_media":89863,"comment_status":"closed","ping_status":"closed","sticky":false,"template":"","format":"standard","meta":{"footnotes":""},"categories":[38],"tags":[],"class_list":["post-89861","post","type-post","status-publish","format-standard","has-post-thumbnail","hentry","category-portada-regional"],"_links":{"self":[{"href":"https:\/\/www.radioamigavallenar.cl\/index.php?rest_route=\/wp\/v2\/posts\/89861","targetHints":{"allow":["GET"]}}],"collection":[{"href":"https:\/\/www.radioamigavallenar.cl\/index.php?rest_route=\/wp\/v2\/posts"}],"about":[{"href":"https:\/\/www.radioamigavallenar.cl\/index.php?rest_route=\/wp\/v2\/types\/post"}],"author":[{"embeddable":true,"href":"https:\/\/www.radioamigavallenar.cl\/index.php?rest_route=\/wp\/v2\/users\/6"}],"replies":[{"embeddable":true,"href":"https:\/\/www.radioamigavallenar.cl\/index.php?rest_route=%2Fwp%2Fv2%2Fcomments&post=89861"}],"version-history":[{"count":1,"href":"https:\/\/www.radioamigavallenar.cl\/index.php?rest_route=\/wp\/v2\/posts\/89861\/revisions"}],"predecessor-version":[{"id":89864,"href":"https:\/\/www.radioamigavallenar.cl\/index.php?rest_route=\/wp\/v2\/posts\/89861\/revisions\/89864"}],"wp:featuredmedia":[{"embeddable":true,"href":"https:\/\/www.radioamigavallenar.cl\/index.php?rest_route=\/wp\/v2\/media\/89863"}],"wp:attachment":[{"href":"https:\/\/www.radioamigavallenar.cl\/index.php?rest_route=%2Fwp%2Fv2%2Fmedia&parent=89861"}],"wp:term":[{"taxonomy":"category","embeddable":true,"href":"https:\/\/www.radioamigavallenar.cl\/index.php?rest_route=%2Fwp%2Fv2%2Fcategories&post=89861"},{"taxonomy":"post_tag","embeddable":true,"href":"https:\/\/www.radioamigavallenar.cl\/index.php?rest_route=%2Fwp%2Fv2%2Ftags&post=89861"}],"curies":[{"name":"wp","href":"https:\/\/api.w.org\/{rel}","templated":true}]}}