{"id":89857,"date":"2025-03-24T00:00:16","date_gmt":"2025-03-24T03:00:16","guid":{"rendered":"https:\/\/www.radioamigavallenar.cl\/?p=89857"},"modified":"2025-03-23T23:26:36","modified_gmt":"2025-03-24T02:26:36","slug":"conforman-primer-comite-regional-del-adulto-mayor-2025-en-atacama-para-fortalecer-la-autonomia-y-participacion-de-personas-mayores","status":"publish","type":"post","link":"https:\/\/www.radioamigavallenar.cl\/?p=89857","title":{"rendered":"Conforman primer Comit\u00e9 Regional del Adulto Mayor 2025 en Atacama para fortalecer la autonom\u00eda y participaci\u00f3n de personas mayores"},"content":{"rendered":"<p class=\"\" data-start=\"262\" data-end=\"519\"><strong>La instancia, presidida por la Seremi de Desarrollo Social y Familia, Ver\u00f3nica Rivera, abord\u00f3 los lineamientos del Fondo Nacional del Adulto Mayor y reafirm\u00f3 el compromiso interinstitucional con el respeto y promoci\u00f3n de los derechos de este grupo etario.<\/strong><\/p>\n<p class=\"\" data-start=\"521\" data-end=\"905\">En dependencias del Servicio Nacional del Adulto Mayor (Senama) en Copiap\u00f3 se desarroll\u00f3 la primera sesi\u00f3n del Comit\u00e9 Regional del Adulto Mayor (CRAM) 2025. La instancia, presidida por la Seremi de Desarrollo Social y Familia, Ver\u00f3nica Rivera Reynoso, reuni\u00f3 a autoridades regionales, representantes municipales y dirigentes de organizaciones de personas mayores de la sociedad civil.<\/p>\n<p class=\"\" data-start=\"907\" data-end=\"1208\">El objetivo del encuentro fue coordinar esfuerzos de cara al inicio del proceso de postulaci\u00f3n al Fondo Nacional del Adulto Mayor 2025, especialmente en su l\u00ednea de proyectos autogestionados, que financia iniciativas impulsadas por clubes, uniones comunales y otras organizaciones de personas mayores.<\/p>\n<p class=\"\" data-start=\"1210\" data-end=\"1513\">La directora regional de Senama, Nicole Bordones Iriarte, valor\u00f3 la participaci\u00f3n de los integrantes del comit\u00e9 y subray\u00f3 que \u201ceste fondo busca contribuir a la promoci\u00f3n y protecci\u00f3n de los derechos de las personas mayores, fortaleciendo su autonom\u00eda, autogesti\u00f3n, asociatividad y participaci\u00f3n social\u201d.<\/p>\n<audio class=\"wp-audio-shortcode\" id=\"audio-89857-1\" preload=\"none\" style=\"width: 100%;\" controls=\"controls\"><source type=\"audio\/ogg\" src=\"https:\/\/www.radioamigavallenar.cl\/wp-content\/uploads\/2025\/03\/Nicole-Bordones-SENAMA.ogg?_=1\" \/><a href=\"https:\/\/www.radioamigavallenar.cl\/wp-content\/uploads\/2025\/03\/Nicole-Bordones-SENAMA.ogg\">https:\/\/www.radioamigavallenar.cl\/wp-content\/uploads\/2025\/03\/Nicole-Bordones-SENAMA.ogg<\/a><\/audio>\n<p class=\"\" data-start=\"1515\" data-end=\"2015\">Por su parte, la seremi Ver\u00f3nica Rivera destac\u00f3 el compromiso del Gobierno en avanzar en acciones concretas para mejorar la calidad de vida de este grupo. \u201cNuestro Presidente Gabriel Boric y la ministra Javiera Toro nos han mandatado a trabajar con unidad y responsabilidad. Desde este comit\u00e9 vamos a asegurar una ejecuci\u00f3n eficiente y transparente del Fondo del Adulto Mayor 2025. Hago un llamado a las organizaciones a informarse y postular sus proyectos cuando se abran las inscripciones\u201d, se\u00f1al\u00f3.<\/p>\n<p class=\"\" data-start=\"2017\" data-end=\"2232\">Durante la jornada se abordaron funciones clave del comit\u00e9, como la preasignaci\u00f3n de recursos por provincia, la definici\u00f3n de criterios de evaluaci\u00f3n y la participaci\u00f3n en las comisiones que adjudican los proyectos.<\/p>\n<p class=\"\" data-start=\"2234\" data-end=\"2496\">El Fondo Nacional del Adulto Mayor financia iniciativas orientadas a mejorar la calidad de vida, promover la participaci\u00f3n social, prevenir enfermedades, fomentar el autocuidado y responder a necesidades b\u00e1sicas en contextos de emergencia, entre otros objetivos.<\/p>\n<p class=\"\" data-start=\"2498\" data-end=\"2631\">Las organizaciones interesadas deber\u00e1n estar atentas a la convocatoria oficial, que ser\u00e1 publicada en el sitio web <a href=\"http:\/\/www.senama.gob.cl\" target=\"_new\" rel=\"noopener\" data-start=\"2613\" data-end=\"2630\">www.senama.gob.cl<\/a>.<\/p>\n","protected":false},"excerpt":{"rendered":"<p>La instancia, presidida por la Seremi de Desarrollo Social y Familia, Ver\u00f3nica Rivera, abord\u00f3 los lineamientos del Fondo Nacional del Adulto Mayor y reafirm\u00f3 el&hellip; <\/p>\n","protected":false},"author":6,"featured_media":89858,"comment_status":"closed","ping_status":"closed","sticky":false,"template":"","format":"standard","meta":{"footnotes":""},"categories":[7],"tags":[],"class_list":["post-89857","post","type-post","status-publish","format-standard","has-post-thumbnail","hentry","category-atacama"],"_links":{"self":[{"href":"https:\/\/www.radioamigavallenar.cl\/index.php?rest_route=\/wp\/v2\/posts\/89857","targetHints":{"allow":["GET"]}}],"collection":[{"href":"https:\/\/www.radioamigavallenar.cl\/index.php?rest_route=\/wp\/v2\/posts"}],"about":[{"href":"https:\/\/www.radioamigavallenar.cl\/index.php?rest_route=\/wp\/v2\/types\/post"}],"author":[{"embeddable":true,"href":"https:\/\/www.radioamigavallenar.cl\/index.php?rest_route=\/wp\/v2\/users\/6"}],"replies":[{"embeddable":true,"href":"https:\/\/www.radioamigavallenar.cl\/index.php?rest_route=%2Fwp%2Fv2%2Fcomments&post=89857"}],"version-history":[{"count":1,"href":"https:\/\/www.radioamigavallenar.cl\/index.php?rest_route=\/wp\/v2\/posts\/89857\/revisions"}],"predecessor-version":[{"id":89860,"href":"https:\/\/www.radioamigavallenar.cl\/index.php?rest_route=\/wp\/v2\/posts\/89857\/revisions\/89860"}],"wp:featuredmedia":[{"embeddable":true,"href":"https:\/\/www.radioamigavallenar.cl\/index.php?rest_route=\/wp\/v2\/media\/89858"}],"wp:attachment":[{"href":"https:\/\/www.radioamigavallenar.cl\/index.php?rest_route=%2Fwp%2Fv2%2Fmedia&parent=89857"}],"wp:term":[{"taxonomy":"category","embeddable":true,"href":"https:\/\/www.radioamigavallenar.cl\/index.php?rest_route=%2Fwp%2Fv2%2Fcategories&post=89857"},{"taxonomy":"post_tag","embeddable":true,"href":"https:\/\/www.radioamigavallenar.cl\/index.php?rest_route=%2Fwp%2Fv2%2Ftags&post=89857"}],"curies":[{"name":"wp","href":"https:\/\/api.w.org\/{rel}","templated":true}]}}