{"id":89844,"date":"2025-03-24T00:00:46","date_gmt":"2025-03-24T03:00:46","guid":{"rendered":"https:\/\/www.radioamigavallenar.cl\/?p=89844"},"modified":"2025-03-23T22:51:54","modified_gmt":"2025-03-24T01:51:54","slug":"tragedia-en-el-atacama-race-2025-piloto-de-motos-fallece-tras-accidente-en-caldera","status":"publish","type":"post","link":"https:\/\/www.radioamigavallenar.cl\/?p=89844","title":{"rendered":"Tragedia en el Atacama Race 2025: piloto de motos fallece tras accidente en Caldera"},"content":{"rendered":"<p class=\"\" data-start=\"89\" data-end=\"317\"><strong>Durante la segunda jornada de competencia, el motociclista tierramarillano Jos\u00e9 Miguel Rojas Bordones perdi\u00f3 la vida tras un choque en el kil\u00f3metro 206 del tramo especial. La organizaci\u00f3n suspendi\u00f3 el evento en se\u00f1al de duelo.<\/strong><\/p>\n<p class=\"\" data-start=\"319\" data-end=\"711\">El mundo del deporte motor chileno se encuentra de luto tras la tr\u00e1gica muerte del piloto Jos\u00e9 Miguel Rojas Bordones, conocido como \u201cEl Chito\u201d, quien falleci\u00f3 este domingo durante la segunda jornada del Atacama Race 2025. El accidente ocurri\u00f3 en el kil\u00f3metro 206 de la especial, en el sector comprendido entre los caminos El Morado y Los Japoneses, en la comuna de Caldera, Regi\u00f3n de Atacama.<\/p>\n<p class=\"\" data-start=\"713\" data-end=\"1086\">Rojas, oriundo de Tierra Amarilla y participante en la categor\u00eda Rally2, colision\u00f3 en plena competencia y pese a la r\u00e1pida activaci\u00f3n de los protocolos de emergencia, perdi\u00f3 la vida en el lugar. Seg\u00fan inform\u00f3 la organizaci\u00f3n, \u201clos sistemas de emergencia de la carrera se activaron de inmediato, brindando asistencia en el lugar y coordinando con los equipos de emergencia\u201d.<\/p>\n<p class=\"\" data-start=\"1088\" data-end=\"1330\">En el mismo d\u00eda, otro piloto \u2014identificado como C\u00e9sar Mera, de nacionalidad venezolana y residente en Iquique\u2014 tambi\u00e9n sufri\u00f3 un accidente y fue derivado en helic\u00f3ptero al Hospital Regional de Copiap\u00f3 para evaluar la gravedad de sus lesiones.<\/p>\n<p class=\"\" data-start=\"1332\" data-end=\"1553\">Tras confirmarse el fallecimiento de Rojas, el Ministerio P\u00fablico instruy\u00f3 la concurrencia de la SIAT de Carabineros al sitio del suceso para iniciar la investigaci\u00f3n correspondiente y esclarecer las causas del accidente.<\/p>\n<p class=\"\" data-start=\"1555\" data-end=\"2036\">Desde la organizaci\u00f3n del evento se emiti\u00f3 un comunicado expresando sus condolencias: \u201cDesde Atacama Race expresamos nuestras m\u00e1s sinceras condolencias a la familia, amigos y equipo del piloto fallecido. Asimismo, reiteramos nuestro compromiso de brindar todo el apoyo y colaboraci\u00f3n que se requiera ante cualquier investigaci\u00f3n que pueda surgir a ra\u00edz de este suceso\u201d. Tambi\u00e9n se anunci\u00f3 la suspensi\u00f3n inmediata de todas las actividades programadas, \u201cen se\u00f1al de respeto y duelo\u201d.<\/p>\n<p class=\"\" data-start=\"2038\" data-end=\"2432\">El alcalde de Tierra Amarilla, Crist\u00f3bal Z\u00fa\u00f1iga, lament\u00f3 la partida del joven piloto a trav\u00e9s de redes sociales: \u201cMi m\u00e1s sentido p\u00e9same para toda la familia, amigos y seres queridos de Jos\u00e9 Miguel Rojas Bordones, mejor conocido como \u2018El Chito\u2019. Joven tierramarillano que nos deja abruptamente para partir al encuentro con Dios. Descansa en paz con vida eterna, junto a quienes partieron antes\u201d.<\/p>\n","protected":false},"excerpt":{"rendered":"<p>Durante la segunda jornada de competencia, el motociclista tierramarillano Jos\u00e9 Miguel Rojas Bordones perdi\u00f3 la vida tras un choque en el kil\u00f3metro 206 del tramo&hellip; <\/p>\n","protected":false},"author":6,"featured_media":89845,"comment_status":"closed","ping_status":"closed","sticky":false,"template":"","format":"standard","meta":{"footnotes":""},"categories":[7],"tags":[],"class_list":["post-89844","post","type-post","status-publish","format-standard","has-post-thumbnail","hentry","category-atacama"],"_links":{"self":[{"href":"https:\/\/www.radioamigavallenar.cl\/index.php?rest_route=\/wp\/v2\/posts\/89844","targetHints":{"allow":["GET"]}}],"collection":[{"href":"https:\/\/www.radioamigavallenar.cl\/index.php?rest_route=\/wp\/v2\/posts"}],"about":[{"href":"https:\/\/www.radioamigavallenar.cl\/index.php?rest_route=\/wp\/v2\/types\/post"}],"author":[{"embeddable":true,"href":"https:\/\/www.radioamigavallenar.cl\/index.php?rest_route=\/wp\/v2\/users\/6"}],"replies":[{"embeddable":true,"href":"https:\/\/www.radioamigavallenar.cl\/index.php?rest_route=%2Fwp%2Fv2%2Fcomments&post=89844"}],"version-history":[{"count":1,"href":"https:\/\/www.radioamigavallenar.cl\/index.php?rest_route=\/wp\/v2\/posts\/89844\/revisions"}],"predecessor-version":[{"id":89846,"href":"https:\/\/www.radioamigavallenar.cl\/index.php?rest_route=\/wp\/v2\/posts\/89844\/revisions\/89846"}],"wp:featuredmedia":[{"embeddable":true,"href":"https:\/\/www.radioamigavallenar.cl\/index.php?rest_route=\/wp\/v2\/media\/89845"}],"wp:attachment":[{"href":"https:\/\/www.radioamigavallenar.cl\/index.php?rest_route=%2Fwp%2Fv2%2Fmedia&parent=89844"}],"wp:term":[{"taxonomy":"category","embeddable":true,"href":"https:\/\/www.radioamigavallenar.cl\/index.php?rest_route=%2Fwp%2Fv2%2Fcategories&post=89844"},{"taxonomy":"post_tag","embeddable":true,"href":"https:\/\/www.radioamigavallenar.cl\/index.php?rest_route=%2Fwp%2Fv2%2Ftags&post=89844"}],"curies":[{"name":"wp","href":"https:\/\/api.w.org\/{rel}","templated":true}]}}