{"id":89841,"date":"2025-03-24T00:00:43","date_gmt":"2025-03-24T03:00:43","guid":{"rendered":"https:\/\/www.radioamigavallenar.cl\/?p=89841"},"modified":"2025-03-23T22:42:43","modified_gmt":"2025-03-24T01:42:43","slug":"mop-presenta-cartera-de-licitaciones-2025-con-inversion-superior-a-162-mil-millones-en-la-region-de-atacama","status":"publish","type":"post","link":"https:\/\/www.radioamigavallenar.cl\/?p=89841","title":{"rendered":"MOP presenta cartera de licitaciones 2025 con inversi\u00f3n superior a $162 mil millones en la Regi\u00f3n de Atacama"},"content":{"rendered":"<p class=\"\" data-start=\"114\" data-end=\"332\"><strong>El plan incluye 30 proyectos que abarcan infraestructura vial, hidr\u00e1ulica, aeroportuaria, sanitaria y p\u00fablica, con el objetivo de reactivar la econom\u00eda local, generar empleo y mejorar la calidad de vida en la regi\u00f3n.<\/strong><\/p>\n<p class=\"\" data-start=\"334\" data-end=\"680\">El Ministerio de Obras P\u00fablicas (MOP) present\u00f3 su primera cartera de licitaciones para el a\u00f1o 2025, que contempla una inversi\u00f3n total de m\u00e1s de 162 mil millones de pesos en la Regi\u00f3n de Atacama, a trav\u00e9s de 30 iniciativas distribuidas en distintas \u00e1reas estrat\u00e9gicas como vialidad, hidr\u00e1ulica, edificaci\u00f3n p\u00fablica, aeropuertos y obras portuarias.<\/p>\n<p class=\"\" data-start=\"682\" data-end=\"966\">El anuncio se enmarca en el compromiso del Gobierno del Presidente Gabriel Boric por dinamizar la econom\u00eda nacional y regional mediante inversiones en infraestructura que, adem\u00e1s de generar empleo, fortalecen sectores productivos clave como la agricultura, el transporte y el turismo.<\/p>\n<p class=\"\" data-start=\"1010\" data-end=\"1086\">Entre los proyectos destacados de esta primera etapa del plan se encuentran:<\/p>\n<ul data-start=\"1088\" data-end=\"2436\">\n<li class=\"\" data-start=\"1088\" data-end=\"1292\">\n<p class=\"\" data-start=\"1090\" data-end=\"1292\"><strong data-start=\"1090\" data-end=\"1120\">Direcci\u00f3n de Arquitectura:<\/strong> Ampliaci\u00f3n del Edificio MOP Atacama ($22.800 millones), Cuartel de la PDI en Vallenar ($7.079 millones) y conservaci\u00f3n de escuelas y liceos en la regi\u00f3n ($5.499 millones).<\/p>\n<\/li>\n<li class=\"\" data-start=\"1296\" data-end=\"1578\">\n<p class=\"\" data-start=\"1298\" data-end=\"1578\"><strong data-start=\"1298\" data-end=\"1333\">Direcci\u00f3n de Obras Hidr\u00e1ulicas:<\/strong> Construcci\u00f3n de obra fluvial en R\u00edo Salado, Cha\u00f1aral ($600 millones); conservaci\u00f3n del sistema de riego Canal Gallo y Ferrera ($440 millones) y tercera etapa de obras fluviales y de control aluvional en la Quebrada de Paipote ($7.800 millones).<\/p>\n<\/li>\n<li class=\"\" data-start=\"1580\" data-end=\"1856\">\n<p class=\"\" data-start=\"1582\" data-end=\"1856\"><strong data-start=\"1582\" data-end=\"1608\">Direcci\u00f3n de Vialidad:<\/strong> Mejoramiento de la Ruta C-13 Sur desde Ruta 5 a Diego de Almagro ($65.692 millones), dise\u00f1o y construcci\u00f3n del puente Huasco y paso superior FF.CC en Ruta Costera ($876 millones) y conservaci\u00f3n de caminos en diversas provincias ($30.000 millones).<\/p>\n<\/li>\n<li class=\"\" data-start=\"1858\" data-end=\"2025\">\n<p class=\"\" data-start=\"1860\" data-end=\"2025\"><strong data-start=\"1860\" data-end=\"1889\">Direcci\u00f3n de Aeropuertos:<\/strong> Conservaci\u00f3n del aer\u00f3dromo Desierto de Atacama ($4.430 millones) y construcci\u00f3n del punto de posada en Alto del Carmen ($320 millones).<\/p>\n<\/li>\n<li class=\"\" data-start=\"2027\" data-end=\"2198\">\n<p class=\"\" data-start=\"2029\" data-end=\"2198\"><strong data-start=\"2029\" data-end=\"2062\">Servicios Sanitarios Rurales:<\/strong> Conservaci\u00f3n del SSR T\u00e1tara y habilitaci\u00f3n de fuente complementaria en El Jilguero, Freirina, con una inversi\u00f3n total de $660 millones.<\/p>\n<\/li>\n<li class=\"\" data-start=\"2200\" data-end=\"2436\">\n<p class=\"\" data-start=\"2202\" data-end=\"2436\"><strong data-start=\"2202\" data-end=\"2223\">Obras Portuarias:<\/strong> Conservaci\u00f3n de infraestructura afectada por marejadas en diciembre de 2024, que da\u00f1aron las caletas de pescadores y paseos costeros de Cha\u00f1aral, Caldera y Huasco. Las intervenciones suman m\u00e1s de $2.200 millones.<\/p>\n<\/li>\n<\/ul>\n<p class=\"\" data-start=\"2473\" data-end=\"2857\">El Seremi de Obras P\u00fablicas en Atacama, Mauricio Guaita Juantok, subray\u00f3 que esta cartera no solo impactar\u00e1 positivamente en la infraestructura regional, sino que tambi\u00e9n fomentar\u00e1 la reactivaci\u00f3n econ\u00f3mica. \u201cEstos proyectos mejorar\u00e1n la conectividad, los servicios b\u00e1sicos y la calidad de vida, favoreciendo directamente a sectores como el agro, el transporte y el turismo\u201d, sostuvo.<\/p>\n<p class=\"\" data-start=\"2859\" data-end=\"3232\">Adem\u00e1s, Guaita destac\u00f3 que el MOP ha implementado medidas de flexibilizaci\u00f3n para facilitar la participaci\u00f3n de empresas, como el aumento de los anticipos financieros. \u201cDurante 2024, se entregaron anticipos por $45.000 millones a nivel nacional, lo que ha permitido mejorar la liquidez de las empresas y optimizar los procesos de instalaci\u00f3n y ejecuci\u00f3n de obras\u201d, explic\u00f3.<\/p>\n","protected":false},"excerpt":{"rendered":"<p>El plan incluye 30 proyectos que abarcan infraestructura vial, hidr\u00e1ulica, aeroportuaria, sanitaria y p\u00fablica, con el objetivo de reactivar la econom\u00eda local, generar empleo y&hellip; <\/p>\n","protected":false},"author":6,"featured_media":89842,"comment_status":"closed","ping_status":"closed","sticky":false,"template":"","format":"standard","meta":{"footnotes":""},"categories":[7],"tags":[],"class_list":["post-89841","post","type-post","status-publish","format-standard","has-post-thumbnail","hentry","category-atacama"],"_links":{"self":[{"href":"https:\/\/www.radioamigavallenar.cl\/index.php?rest_route=\/wp\/v2\/posts\/89841","targetHints":{"allow":["GET"]}}],"collection":[{"href":"https:\/\/www.radioamigavallenar.cl\/index.php?rest_route=\/wp\/v2\/posts"}],"about":[{"href":"https:\/\/www.radioamigavallenar.cl\/index.php?rest_route=\/wp\/v2\/types\/post"}],"author":[{"embeddable":true,"href":"https:\/\/www.radioamigavallenar.cl\/index.php?rest_route=\/wp\/v2\/users\/6"}],"replies":[{"embeddable":true,"href":"https:\/\/www.radioamigavallenar.cl\/index.php?rest_route=%2Fwp%2Fv2%2Fcomments&post=89841"}],"version-history":[{"count":1,"href":"https:\/\/www.radioamigavallenar.cl\/index.php?rest_route=\/wp\/v2\/posts\/89841\/revisions"}],"predecessor-version":[{"id":89843,"href":"https:\/\/www.radioamigavallenar.cl\/index.php?rest_route=\/wp\/v2\/posts\/89841\/revisions\/89843"}],"wp:featuredmedia":[{"embeddable":true,"href":"https:\/\/www.radioamigavallenar.cl\/index.php?rest_route=\/wp\/v2\/media\/89842"}],"wp:attachment":[{"href":"https:\/\/www.radioamigavallenar.cl\/index.php?rest_route=%2Fwp%2Fv2%2Fmedia&parent=89841"}],"wp:term":[{"taxonomy":"category","embeddable":true,"href":"https:\/\/www.radioamigavallenar.cl\/index.php?rest_route=%2Fwp%2Fv2%2Fcategories&post=89841"},{"taxonomy":"post_tag","embeddable":true,"href":"https:\/\/www.radioamigavallenar.cl\/index.php?rest_route=%2Fwp%2Fv2%2Ftags&post=89841"}],"curies":[{"name":"wp","href":"https:\/\/api.w.org\/{rel}","templated":true}]}}