{"id":89838,"date":"2025-03-24T00:00:53","date_gmt":"2025-03-24T03:00:53","guid":{"rendered":"https:\/\/www.radioamigavallenar.cl\/?p=89838"},"modified":"2025-03-23T22:37:51","modified_gmt":"2025-03-24T01:37:51","slug":"usuarios-del-hospital-provincial-del-huasco-participan-en-programa-que-retrasa-ingreso-a-dialisis","status":"publish","type":"post","link":"https:\/\/www.radioamigavallenar.cl\/?p=89838","title":{"rendered":"Usuarios del Hospital Provincial del Huasco participan en programa que retrasa ingreso a di\u00e1lisis"},"content":{"rendered":"<div class=\"flex max-w-full flex-col flex-grow\">\n<div class=\"min-h-8 text-message relative flex w-full flex-col items-end gap-2 whitespace-normal break-words text-start [.text-message+&amp;]:mt-5\" dir=\"auto\" data-message-author-role=\"assistant\" data-message-id=\"6edeb347-b5e1-47c4-890f-10037dc5c721\" data-message-model-slug=\"gpt-4o\">\n<div class=\"flex w-full flex-col gap-1 empty:hidden first:pt-[3px]\">\n<div class=\"markdown prose w-full break-words dark:prose-invert light\">\n<p class=\"\" data-start=\"103\" data-end=\"300\"><strong>Iniciativa conmemora el D\u00eda Mundial del Ri\u00f1\u00f3n y beneficia a 40 pacientes en etapa avanzada de enfermedad renal cr\u00f3nica, gracias al uso de medicamentos de alto costo proporcionados por el recinto.<\/strong><\/p>\n<p class=\"\" data-start=\"302\" data-end=\"674\">En el marco del D\u00eda Mundial del Ri\u00f1\u00f3n, el Hospital Provincial del Huasco (HPH) realiz\u00f3 una nueva jornada informativa junto a pacientes beneficiarios del programa de ketoan\u00e1logos, un tratamiento conservador destinado a personas con Enfermedad Renal Cr\u00f3nica en etapa pre-di\u00e1lisis (etapas 4 y 5), cuyo objetivo es retrasar el ingreso temprano a terapias de sustituci\u00f3n renal.<\/p>\n<p class=\"\" data-start=\"676\" data-end=\"1025\">\u201cSe realiz\u00f3 la segunda jornada de pacientes del programa de ketoan\u00e1logos del hospital, que es un tratamiento enfocado en prolongar la funci\u00f3n renal y evitar el ingreso precoz a di\u00e1lisis\u201d, explic\u00f3 el nefr\u00f3logo Diego S\u00e1nchez Santana, quien junto al doctor Alcides \u00c1lvarez y la nutricionista renal Stephany Cort\u00e9s lideran el equipo m\u00e9dico del programa.<\/p>\n<p class=\"\" data-start=\"1027\" data-end=\"1240\">El tratamiento contempla la administraci\u00f3n de ketoan\u00e1logos \u2014medicamentos de alto costo\u2014 combinados con una dieta baja en prote\u00ednas, lo que ayuda a reducir la sobrecarga de los ri\u00f1ones y preservar su funcionalidad. Actualmente, 40 usuarios del HPH se encuentran bajo este r\u00e9gimen terap\u00e9utico, con controles peri\u00f3dicos mensuales o trimestrales, seg\u00fan las condiciones de cada paciente.<\/p>\n<p class=\"\" data-start=\"1412\" data-end=\"1768\">Adem\u00e1s del impacto positivo en su salud, los beneficiarios acceden gratuitamente a estos f\u00e1rmacos, lo que representa un importante apoyo econ\u00f3mico para las familias. \u201cEstas instancias tambi\u00e9n son valiosas para educar a nuestros pacientes y sus redes de apoyo sobre el cuidado renal y la adherencia al tratamiento\u201d, destacaron desde el recinto hospitalario. La jornada se suma a las actividades de sensibilizaci\u00f3n que cada a\u00f1o realiza el hospital en torno a la salud renal y la prevenci\u00f3n de enfermedades cr\u00f3nicas en la provincia del Huasco.<\/p>\n<\/div>\n<\/div>\n<\/div>\n<\/div>\n","protected":false},"excerpt":{"rendered":"<p>Iniciativa conmemora el D\u00eda Mundial del Ri\u00f1\u00f3n y beneficia a 40 pacientes en etapa avanzada de enfermedad renal cr\u00f3nica, gracias al uso de medicamentos de&hellip; <\/p>\n","protected":false},"author":6,"featured_media":89839,"comment_status":"closed","ping_status":"closed","sticky":false,"template":"","format":"standard","meta":{"footnotes":""},"categories":[38],"tags":[],"class_list":["post-89838","post","type-post","status-publish","format-standard","has-post-thumbnail","hentry","category-portada-regional"],"_links":{"self":[{"href":"https:\/\/www.radioamigavallenar.cl\/index.php?rest_route=\/wp\/v2\/posts\/89838","targetHints":{"allow":["GET"]}}],"collection":[{"href":"https:\/\/www.radioamigavallenar.cl\/index.php?rest_route=\/wp\/v2\/posts"}],"about":[{"href":"https:\/\/www.radioamigavallenar.cl\/index.php?rest_route=\/wp\/v2\/types\/post"}],"author":[{"embeddable":true,"href":"https:\/\/www.radioamigavallenar.cl\/index.php?rest_route=\/wp\/v2\/users\/6"}],"replies":[{"embeddable":true,"href":"https:\/\/www.radioamigavallenar.cl\/index.php?rest_route=%2Fwp%2Fv2%2Fcomments&post=89838"}],"version-history":[{"count":1,"href":"https:\/\/www.radioamigavallenar.cl\/index.php?rest_route=\/wp\/v2\/posts\/89838\/revisions"}],"predecessor-version":[{"id":89840,"href":"https:\/\/www.radioamigavallenar.cl\/index.php?rest_route=\/wp\/v2\/posts\/89838\/revisions\/89840"}],"wp:featuredmedia":[{"embeddable":true,"href":"https:\/\/www.radioamigavallenar.cl\/index.php?rest_route=\/wp\/v2\/media\/89839"}],"wp:attachment":[{"href":"https:\/\/www.radioamigavallenar.cl\/index.php?rest_route=%2Fwp%2Fv2%2Fmedia&parent=89838"}],"wp:term":[{"taxonomy":"category","embeddable":true,"href":"https:\/\/www.radioamigavallenar.cl\/index.php?rest_route=%2Fwp%2Fv2%2Fcategories&post=89838"},{"taxonomy":"post_tag","embeddable":true,"href":"https:\/\/www.radioamigavallenar.cl\/index.php?rest_route=%2Fwp%2Fv2%2Ftags&post=89838"}],"curies":[{"name":"wp","href":"https:\/\/api.w.org\/{rel}","templated":true}]}}