{"id":89834,"date":"2025-03-21T00:00:20","date_gmt":"2025-03-21T03:00:20","guid":{"rendered":"https:\/\/www.radioamigavallenar.cl\/?p=89834"},"modified":"2025-03-20T22:03:47","modified_gmt":"2025-03-21T01:03:47","slug":"senda-revela-aumento-en-consumo-de-cocaina-y-pasta-base-en-escolares-aunque-sin-superar-niveles-prepandemia","status":"publish","type":"post","link":"https:\/\/www.radioamigavallenar.cl\/?p=89834","title":{"rendered":"SENDA revela aumento en consumo de coca\u00edna y pasta base en escolares, aunque sin superar niveles prepandemia"},"content":{"rendered":"<p data-start=\"114\" data-end=\"339\"><strong>Estudio nacional muestra baja sostenida en tabaco y alcohol, estabilizaci\u00f3n en el uso de marihuana y mayor percepci\u00f3n de riesgo. La tendencia a la baja generalizada pone foco en la prevenci\u00f3n en ni\u00f1as, ni\u00f1os y adolescentes.<\/strong><\/p>\n<p data-start=\"341\" data-end=\"837\">El Servicio Nacional para la Prevenci\u00f3n y Rehabilitaci\u00f3n del Consumo de Drogas y Alcohol (SENDA) present\u00f3 los resultados del 15\u00b0 Estudio de Drogas en Poblaci\u00f3n Escolar 2023, revelando que si bien el consumo de coca\u00edna y pasta base aument\u00f3 levemente entre estudiantes, los niveles no superan los registrados antes de la pandemia. En contraste, se consolida la baja sostenida en el uso de tabaco y alcohol, mientras que la marihuana mantiene niveles estables con un alza en la percepci\u00f3n de riesgo.<\/p>\n<p data-start=\"839\" data-end=\"1012\">El estudio, aplicado a 49.211 estudiantes de 8\u00b0 b\u00e1sico a 4\u00b0 medio de 134 comunas del pa\u00eds, muestra un panorama mixto en los h\u00e1bitos de consumo de sustancias en adolescentes.<\/p>\n<p data-start=\"1014\" data-end=\"1301\">\u201cLos datos muestran avances importantes, como la reducci\u00f3n sostenida del consumo de tabaco y alcohol, la estabilizaci\u00f3n en el uso de marihuana y la contenci\u00f3n de un rebote generalizado tras las bajas registradas durante la pandemia\u201d, se\u00f1al\u00f3 la directora nacional de SENDA, Natalia Riffo.<\/p>\n<p data-start=\"1303\" data-end=\"1501\">Sin embargo, enfatiz\u00f3 que \u201ctodo consumo en ni\u00f1os, ni\u00f1as y adolescentes implica un riesgo y una preocupaci\u00f3n constante, por lo que estos resultados nos desaf\u00edan a seguir fortaleciendo la prevenci\u00f3n\u201d.<\/p>\n<ul data-start=\"1543\" data-end=\"2352\">\n<li data-start=\"1543\" data-end=\"1707\">\n<p data-start=\"1545\" data-end=\"1707\"><strong data-start=\"1545\" data-end=\"1556\">Tabaco:<\/strong> El consumo diario cay\u00f3 a su m\u00ednimo hist\u00f3rico, con una prevalencia de 1,3%, consolidando una tendencia a la baja que se arrastra desde a\u00f1os anteriores.<\/p>\n<\/li>\n<li data-start=\"1709\" data-end=\"1929\">\n<p data-start=\"1711\" data-end=\"1929\"><strong data-start=\"1711\" data-end=\"1723\">Alcohol:<\/strong> El consumo en el \u00faltimo mes pas\u00f3 de 24,0% en 2021 a 22,7% en 2023, registrando cuatro mediciones consecutivas en descenso desde 2017. A esto se suma un aumento en la percepci\u00f3n de riesgo del uso frecuente.<\/p>\n<\/li>\n<li data-start=\"1931\" data-end=\"2135\">\n<p data-start=\"1933\" data-end=\"2135\"><strong data-start=\"1933\" data-end=\"1947\">Marihuana:<\/strong> Se mantiene estable en 19,1% respecto a 2021, sin variaciones significativas. No obstante, la percepci\u00f3n de riesgo por su consumo frecuente subi\u00f3 a 34,4% en 2023, frente al 30,3% en 2021.<\/p>\n<\/li>\n<li data-start=\"2137\" data-end=\"2352\">\n<p data-start=\"2139\" data-end=\"2352\"><strong data-start=\"2139\" data-end=\"2164\">Coca\u00edna y pasta base:<\/strong> El consumo declarado de coca\u00edna aument\u00f3 a 2,5% y el de pasta base a 1,8%. Aunque se registr\u00f3 un alza, los niveles se mantienen iguales o por debajo de los registros previos a la pandemia.<\/p>\n<\/li>\n<\/ul>\n<p data-start=\"2354\" data-end=\"2554\">El estudio, que representa a 878.046 estudiantes a nivel nacional, busca ofrecer informaci\u00f3n clave para dise\u00f1ar e implementar pol\u00edticas p\u00fablicas de prevenci\u00f3n del consumo de drogas en la adolescencia.<\/p>\n<p data-start=\"2556\" data-end=\"2800\" data-is-last-node=\"\" data-is-only-node=\"\">SENDA reiter\u00f3 su llamado a reforzar las acciones preventivas en las comunidades educativas y familiares, especialmente ante los nuevos desaf\u00edos que presentan el entorno digital y los cambios en las percepciones de riesgo entre los adolescentes.<\/p>\n","protected":false},"excerpt":{"rendered":"<p>Estudio nacional muestra baja sostenida en tabaco y alcohol, estabilizaci\u00f3n en el uso de marihuana y mayor percepci\u00f3n de riesgo. La tendencia a la baja&hellip; <\/p>\n","protected":false},"author":6,"featured_media":89835,"comment_status":"closed","ping_status":"closed","sticky":false,"template":"","format":"standard","meta":{"footnotes":""},"categories":[38],"tags":[],"class_list":["post-89834","post","type-post","status-publish","format-standard","has-post-thumbnail","hentry","category-portada-regional"],"_links":{"self":[{"href":"https:\/\/www.radioamigavallenar.cl\/index.php?rest_route=\/wp\/v2\/posts\/89834","targetHints":{"allow":["GET"]}}],"collection":[{"href":"https:\/\/www.radioamigavallenar.cl\/index.php?rest_route=\/wp\/v2\/posts"}],"about":[{"href":"https:\/\/www.radioamigavallenar.cl\/index.php?rest_route=\/wp\/v2\/types\/post"}],"author":[{"embeddable":true,"href":"https:\/\/www.radioamigavallenar.cl\/index.php?rest_route=\/wp\/v2\/users\/6"}],"replies":[{"embeddable":true,"href":"https:\/\/www.radioamigavallenar.cl\/index.php?rest_route=%2Fwp%2Fv2%2Fcomments&post=89834"}],"version-history":[{"count":1,"href":"https:\/\/www.radioamigavallenar.cl\/index.php?rest_route=\/wp\/v2\/posts\/89834\/revisions"}],"predecessor-version":[{"id":89836,"href":"https:\/\/www.radioamigavallenar.cl\/index.php?rest_route=\/wp\/v2\/posts\/89834\/revisions\/89836"}],"wp:featuredmedia":[{"embeddable":true,"href":"https:\/\/www.radioamigavallenar.cl\/index.php?rest_route=\/wp\/v2\/media\/89835"}],"wp:attachment":[{"href":"https:\/\/www.radioamigavallenar.cl\/index.php?rest_route=%2Fwp%2Fv2%2Fmedia&parent=89834"}],"wp:term":[{"taxonomy":"category","embeddable":true,"href":"https:\/\/www.radioamigavallenar.cl\/index.php?rest_route=%2Fwp%2Fv2%2Fcategories&post=89834"},{"taxonomy":"post_tag","embeddable":true,"href":"https:\/\/www.radioamigavallenar.cl\/index.php?rest_route=%2Fwp%2Fv2%2Ftags&post=89834"}],"curies":[{"name":"wp","href":"https:\/\/api.w.org\/{rel}","templated":true}]}}