{"id":89826,"date":"2025-03-21T00:00:15","date_gmt":"2025-03-21T03:00:15","guid":{"rendered":"https:\/\/www.radioamigavallenar.cl\/?p=89826"},"modified":"2025-03-20T21:29:40","modified_gmt":"2025-03-21T00:29:40","slug":"alcalde-y-seremi-de-vivienda-inspeccionan-avances-en-remodelacion-de-la-plaza-de-alto-del-carmen","status":"publish","type":"post","link":"https:\/\/www.radioamigavallenar.cl\/?p=89826","title":{"rendered":"Alcalde y Seremi de Vivienda inspeccionan avances en remodelaci\u00f3n de la Plaza de Alto del Carmen"},"content":{"rendered":"<p data-start=\"104\" data-end=\"272\"><strong data-start=\"104\" data-end=\"270\">Con un 43% de avance, el proyecto, financiado con cerca de $2.000 millones de pesos, busca entregar un espacio renovado y moderno para la comunidad en noviembre.<\/strong><\/p>\n<p data-start=\"274\" data-end=\"772\">La seremi de Vivienda y Urbanismo, Roc\u00edo D\u00edaz G\u00f3mez, junto al alcalde de Alto del Carmen, Cristian Olivares Iriarte, realizaron una inspecci\u00f3n a las obras de remodelaci\u00f3n de la plaza de la comuna, con el objetivo de evaluar en terreno los avances del proyecto. En la visita tambi\u00e9n participaron el administrador municipal, F\u00e9lix Valera Vicencio, el director de Secpla, Evert de la Torre \u00c1valos, el director de Obras, Basti\u00e1n Fuentes Amador, y representantes de la empresa a cargo de los trabajos.<\/p>\n<p data-start=\"774\" data-end=\"1202\">Durante el recorrido se constat\u00f3 que la obra presenta un avance del 43%, reflejando un progreso significativo en la ejecuci\u00f3n del proyecto, que cuenta con una inversi\u00f3n cercana a los $2.000 millones de pesos, financiada por el Ministerio de Vivienda y Urbanismo. Seg\u00fan el cronograma establecido, si los trabajos contin\u00faan seg\u00fan lo planificado, la remodelaci\u00f3n de la plaza estar\u00eda lista para su entrega en noviembre de este a\u00f1o.<\/p>\n<p data-start=\"1204\" data-end=\"1479\">En la inspecci\u00f3n, las autoridades revisaron distintos aspectos de la obra, como la pavimentaci\u00f3n, el paisajismo y la preservaci\u00f3n de \u00e1rboles y otros elementos patrimoniales, en l\u00ednea con el proceso de participaci\u00f3n ciudadana desarrollado en la etapa de dise\u00f1o del proyecto.<\/p>\n","protected":false},"excerpt":{"rendered":"<p>Con un 43% de avance, el proyecto, financiado con cerca de $2.000 millones de pesos, busca entregar un espacio renovado y moderno para la comunidad&hellip; <\/p>\n","protected":false},"author":6,"featured_media":89827,"comment_status":"closed","ping_status":"closed","sticky":false,"template":"","format":"standard","meta":{"footnotes":""},"categories":[38],"tags":[],"class_list":["post-89826","post","type-post","status-publish","format-standard","has-post-thumbnail","hentry","category-portada-regional"],"_links":{"self":[{"href":"https:\/\/www.radioamigavallenar.cl\/index.php?rest_route=\/wp\/v2\/posts\/89826","targetHints":{"allow":["GET"]}}],"collection":[{"href":"https:\/\/www.radioamigavallenar.cl\/index.php?rest_route=\/wp\/v2\/posts"}],"about":[{"href":"https:\/\/www.radioamigavallenar.cl\/index.php?rest_route=\/wp\/v2\/types\/post"}],"author":[{"embeddable":true,"href":"https:\/\/www.radioamigavallenar.cl\/index.php?rest_route=\/wp\/v2\/users\/6"}],"replies":[{"embeddable":true,"href":"https:\/\/www.radioamigavallenar.cl\/index.php?rest_route=%2Fwp%2Fv2%2Fcomments&post=89826"}],"version-history":[{"count":2,"href":"https:\/\/www.radioamigavallenar.cl\/index.php?rest_route=\/wp\/v2\/posts\/89826\/revisions"}],"predecessor-version":[{"id":89829,"href":"https:\/\/www.radioamigavallenar.cl\/index.php?rest_route=\/wp\/v2\/posts\/89826\/revisions\/89829"}],"wp:featuredmedia":[{"embeddable":true,"href":"https:\/\/www.radioamigavallenar.cl\/index.php?rest_route=\/wp\/v2\/media\/89827"}],"wp:attachment":[{"href":"https:\/\/www.radioamigavallenar.cl\/index.php?rest_route=%2Fwp%2Fv2%2Fmedia&parent=89826"}],"wp:term":[{"taxonomy":"category","embeddable":true,"href":"https:\/\/www.radioamigavallenar.cl\/index.php?rest_route=%2Fwp%2Fv2%2Fcategories&post=89826"},{"taxonomy":"post_tag","embeddable":true,"href":"https:\/\/www.radioamigavallenar.cl\/index.php?rest_route=%2Fwp%2Fv2%2Ftags&post=89826"}],"curies":[{"name":"wp","href":"https:\/\/api.w.org\/{rel}","templated":true}]}}