{"id":89815,"date":"2025-03-24T00:00:58","date_gmt":"2025-03-24T03:00:58","guid":{"rendered":"https:\/\/www.radioamigavallenar.cl\/?p=89815"},"modified":"2025-03-23T23:07:47","modified_gmt":"2025-03-24T02:07:47","slug":"consejo-de-seguridad-comunal-de-vallenar-refuerza-medidas-contra-la-delincuencia-en-puntos-criticos","status":"publish","type":"post","link":"https:\/\/www.radioamigavallenar.cl\/?p=89815","title":{"rendered":"Consejo de Seguridad Comunal de Vallenar refuerza medidas contra la delincuencia en puntos cr\u00edticos"},"content":{"rendered":"<p data-start=\"107\" data-end=\"375\"><strong>Autoridades locales y fuerzas de seguridad delinearon estrategias para enfrentar el aumento de delitos en sectores clave de la comuna. Se reforzar\u00e1n patrullajes, operativos y se promover\u00e1 el uso del fono 4242 Denuncia Seguro para facilitar denuncias an\u00f3nimas.<\/strong><\/p>\n<p data-start=\"377\" data-end=\"746\">El Consejo de Seguridad Comunal de Vallenar sostuvo una nueva sesi\u00f3n con la participaci\u00f3n de Carabineros, la Polic\u00eda de Investigaciones (PDI), la Fiscal\u00eda Local, representantes de la Delegaci\u00f3n Presidencial Provincial y de la Subsecretar\u00eda de Prevenci\u00f3n del Delito, adem\u00e1s del alcalde V\u00edctor Isla Lutz, el concejal Roberto Tapia y el Encargado de Seguridad Ciudadana.<\/p>\n<p data-start=\"748\" data-end=\"995\">La reuni\u00f3n tuvo como objetivo abordar las inquietudes de la comunidad ante el aumento de delitos en distintos sectores de la comuna, y definir medidas concretas para mitigar los hechos delictuales y las incivilidades en el corto y mediano plazo.<\/p>\n<p data-start=\"997\" data-end=\"1383\">El mayor Carlos Tomasoni, de Carabineros, enfatiz\u00f3 la importancia de realizar denuncias para fortalecer la presencia policial. \u201cSi no se denuncia, no existen datos que permitan asignar m\u00e1s personal. Entendemos que puede existir miedo, por lo mismo, est\u00e1 disponible el fono *4242 Denuncia Seguro, donde las personas pueden entregar informaci\u00f3n de manera completamente an\u00f3nima\u201d, se\u00f1al\u00f3.<\/p>\n<p data-start=\"1385\" data-end=\"1747\">Por su parte, el alcalde V\u00edctor Isla Lutz reafirm\u00f3 el compromiso municipal con la seguridad vecinal. \u201cEstamos haciendo un trabajo coordinado y queremos devolver la seguridad a los vecinos y vecinas de Vallenar. Contaremos con nuevos equipos e implementos de seguridad, pero es fundamental que se realicen las denuncias para actuar con mayor precisi\u00f3n\u201d, indic\u00f3.<\/p>\n<p data-start=\"1749\" data-end=\"1970\" data-is-last-node=\"\" data-is-only-node=\"\">Durante la sesi\u00f3n, se identificaron puntos cr\u00edticos con alta incidencia delictual, donde las instituciones y el municipio se comprometieron a reforzar las rondas de vigilancia y operativos en calles y plazas de la comuna.<\/p>\n","protected":false},"excerpt":{"rendered":"<p>Autoridades locales y fuerzas de seguridad delinearon estrategias para enfrentar el aumento de delitos en sectores clave de la comuna. Se reforzar\u00e1n patrullajes, operativos y&hellip; <\/p>\n","protected":false},"author":6,"featured_media":89816,"comment_status":"closed","ping_status":"closed","sticky":false,"template":"","format":"standard","meta":{"footnotes":""},"categories":[38],"tags":[],"class_list":["post-89815","post","type-post","status-publish","format-standard","has-post-thumbnail","hentry","category-portada-regional"],"_links":{"self":[{"href":"https:\/\/www.radioamigavallenar.cl\/index.php?rest_route=\/wp\/v2\/posts\/89815","targetHints":{"allow":["GET"]}}],"collection":[{"href":"https:\/\/www.radioamigavallenar.cl\/index.php?rest_route=\/wp\/v2\/posts"}],"about":[{"href":"https:\/\/www.radioamigavallenar.cl\/index.php?rest_route=\/wp\/v2\/types\/post"}],"author":[{"embeddable":true,"href":"https:\/\/www.radioamigavallenar.cl\/index.php?rest_route=\/wp\/v2\/users\/6"}],"replies":[{"embeddable":true,"href":"https:\/\/www.radioamigavallenar.cl\/index.php?rest_route=%2Fwp%2Fv2%2Fcomments&post=89815"}],"version-history":[{"count":1,"href":"https:\/\/www.radioamigavallenar.cl\/index.php?rest_route=\/wp\/v2\/posts\/89815\/revisions"}],"predecessor-version":[{"id":89817,"href":"https:\/\/www.radioamigavallenar.cl\/index.php?rest_route=\/wp\/v2\/posts\/89815\/revisions\/89817"}],"wp:featuredmedia":[{"embeddable":true,"href":"https:\/\/www.radioamigavallenar.cl\/index.php?rest_route=\/wp\/v2\/media\/89816"}],"wp:attachment":[{"href":"https:\/\/www.radioamigavallenar.cl\/index.php?rest_route=%2Fwp%2Fv2%2Fmedia&parent=89815"}],"wp:term":[{"taxonomy":"category","embeddable":true,"href":"https:\/\/www.radioamigavallenar.cl\/index.php?rest_route=%2Fwp%2Fv2%2Fcategories&post=89815"},{"taxonomy":"post_tag","embeddable":true,"href":"https:\/\/www.radioamigavallenar.cl\/index.php?rest_route=%2Fwp%2Fv2%2Ftags&post=89815"}],"curies":[{"name":"wp","href":"https:\/\/api.w.org\/{rel}","templated":true}]}}