{"id":89797,"date":"2025-03-24T00:00:32","date_gmt":"2025-03-24T03:00:32","guid":{"rendered":"https:\/\/www.radioamigavallenar.cl\/?p=89797"},"modified":"2025-03-23T23:01:55","modified_gmt":"2025-03-24T02:01:55","slug":"dia-mundial-del-agua-mas-de-50-estudiantes-participaron-en-operativo-de-limpieza-del-rio-copiapo","status":"publish","type":"post","link":"https:\/\/www.radioamigavallenar.cl\/?p=89797","title":{"rendered":"D\u00eda Mundial del Agua: M\u00e1s de 50 estudiantes participaron en operativo de limpieza del R\u00edo Copiap\u00f3"},"content":{"rendered":"<p data-start=\"109\" data-end=\"287\"><strong data-start=\"109\" data-end=\"285\">La iniciativa, organizada por la Direcci\u00f3n Municipal de Medio Ambiente, busc\u00f3 generar conciencia sobre la importancia del agua y la conservaci\u00f3n de los ecosistemas locales.<\/strong><\/p>\n<p data-start=\"289\" data-end=\"600\">En el marco de la conmemoraci\u00f3n del D\u00eda Mundial del Agua, m\u00e1s de 50 estudiantes del Liceo de M\u00fasica y el Liceo Jos\u00e9 Antonio Carvajal participaron en un operativo de limpieza del R\u00edo Copiap\u00f3, iniciativa organizada por la Direcci\u00f3n Municipal de Medio Ambiente.<\/p>\n<p data-start=\"602\" data-end=\"954\">El punto de encuentro fue el Parque Kaukari, donde los estudiantes se reunieron para retirar residuos y contribuir a la conservaci\u00f3n del entorno. En la actividad tambi\u00e9n estuvo presente el alcalde de Copiap\u00f3, Maglio Cicardini Neyra, quien valor\u00f3 el entusiasmo de los j\u00f3venes y reafirm\u00f3 el compromiso de la municipalidad con el medio ambiente. \u00abDestacamos las ganas de tantos j\u00f3venes por ayudar a limpiar la ribera del r\u00edo de manera voluntaria. Estamos ac\u00e1 en nuestro R\u00edo Copiap\u00f3 para ratificar nuestro compromiso con el medio ambiente y con el agua, que es tan valiosa en nuestra zona. Buscaremos que retorne el cauce del r\u00edo nuevamente para que la poblaci\u00f3n pueda disfrutar de \u00e9l\u00bb, expres\u00f3 el edil.<\/p>\n<audio class=\"wp-audio-shortcode\" id=\"audio-89797-1\" preload=\"none\" style=\"width: 100%;\" controls=\"controls\"><source type=\"audio\/mpeg\" src=\"https:\/\/www.radioamigavallenar.cl\/wp-content\/uploads\/2025\/03\/alcalde-rio-.mp3?_=1\" \/><a href=\"https:\/\/www.radioamigavallenar.cl\/wp-content\/uploads\/2025\/03\/alcalde-rio-.mp3\">https:\/\/www.radioamigavallenar.cl\/wp-content\/uploads\/2025\/03\/alcalde-rio-.mp3<\/a><\/audio>\n<p data-start=\"1369\" data-end=\"1586\">Las y los alumnos participantes, pertenecientes a tercero y cuarto medio de la especialidad \u00abServicios Tur\u00edsticos\u00bb, resaltaron la importancia de iniciativas como esta para generar conciencia en la comunidad. Daniela Miranda, estudiante de 16 a\u00f1os, coment\u00f3 que \u00abesta actividad se debiera repetir con m\u00e1s estudiantes, porque a veces los j\u00f3venes no piensan en el cuidado de la naturaleza o contaminan cualquier cosa\u00bb.<\/p>\n<audio class=\"wp-audio-shortcode\" id=\"audio-89797-2\" preload=\"none\" style=\"width: 100%;\" controls=\"controls\"><source type=\"audio\/mpeg\" src=\"https:\/\/www.radioamigavallenar.cl\/wp-content\/uploads\/2025\/03\/Daniela-Miranda.mp3?_=2\" \/><a href=\"https:\/\/www.radioamigavallenar.cl\/wp-content\/uploads\/2025\/03\/Daniela-Miranda.mp3\">https:\/\/www.radioamigavallenar.cl\/wp-content\/uploads\/2025\/03\/Daniela-Miranda.mp3<\/a><\/audio>\n<p data-start=\"1806\" data-end=\"1925\">Por su parte, Margarita \u00c1lvarez, profesora del Liceo Jos\u00e9 Antonio Carvajal, enfatiz\u00f3 la relevancia del operativo \u00abLa actividad es importante porque le da relevancia al tema del agua en nuestra regi\u00f3n y tambi\u00e9n ayuda a cuidar este espacio que est\u00e1 muy cercano a nuestro establecimiento. Adem\u00e1s, permite crear conciencia en los estudiantes sobre la importancia de preservar el medio ambiente\u00bb, se\u00f1al\u00f3 la docente.<\/p>\n<p data-start=\"2234\" data-end=\"2470\" data-is-last-node=\"\" data-is-only-node=\"\">El operativo de limpieza forma parte de las actividades programadas en Copiap\u00f3 para conmemorar el D\u00eda Mundial del Agua, fecha establecida por la ONU para sensibilizar sobre la importancia del recurso h\u00eddrico y su gesti\u00f3n sostenible.<\/p>\n","protected":false},"excerpt":{"rendered":"<p>La iniciativa, organizada por la Direcci\u00f3n Municipal de Medio Ambiente, busc\u00f3 generar conciencia sobre la importancia del agua y la conservaci\u00f3n de los ecosistemas locales.&hellip; <\/p>\n","protected":false},"author":6,"featured_media":89800,"comment_status":"closed","ping_status":"closed","sticky":false,"template":"","format":"standard","meta":{"footnotes":""},"categories":[7],"tags":[],"class_list":["post-89797","post","type-post","status-publish","format-standard","has-post-thumbnail","hentry","category-atacama"],"_links":{"self":[{"href":"https:\/\/www.radioamigavallenar.cl\/index.php?rest_route=\/wp\/v2\/posts\/89797","targetHints":{"allow":["GET"]}}],"collection":[{"href":"https:\/\/www.radioamigavallenar.cl\/index.php?rest_route=\/wp\/v2\/posts"}],"about":[{"href":"https:\/\/www.radioamigavallenar.cl\/index.php?rest_route=\/wp\/v2\/types\/post"}],"author":[{"embeddable":true,"href":"https:\/\/www.radioamigavallenar.cl\/index.php?rest_route=\/wp\/v2\/users\/6"}],"replies":[{"embeddable":true,"href":"https:\/\/www.radioamigavallenar.cl\/index.php?rest_route=%2Fwp%2Fv2%2Fcomments&post=89797"}],"version-history":[{"count":1,"href":"https:\/\/www.radioamigavallenar.cl\/index.php?rest_route=\/wp\/v2\/posts\/89797\/revisions"}],"predecessor-version":[{"id":89801,"href":"https:\/\/www.radioamigavallenar.cl\/index.php?rest_route=\/wp\/v2\/posts\/89797\/revisions\/89801"}],"wp:featuredmedia":[{"embeddable":true,"href":"https:\/\/www.radioamigavallenar.cl\/index.php?rest_route=\/wp\/v2\/media\/89800"}],"wp:attachment":[{"href":"https:\/\/www.radioamigavallenar.cl\/index.php?rest_route=%2Fwp%2Fv2%2Fmedia&parent=89797"}],"wp:term":[{"taxonomy":"category","embeddable":true,"href":"https:\/\/www.radioamigavallenar.cl\/index.php?rest_route=%2Fwp%2Fv2%2Fcategories&post=89797"},{"taxonomy":"post_tag","embeddable":true,"href":"https:\/\/www.radioamigavallenar.cl\/index.php?rest_route=%2Fwp%2Fv2%2Ftags&post=89797"}],"curies":[{"name":"wp","href":"https:\/\/api.w.org\/{rel}","templated":true}]}}