{"id":89750,"date":"2025-03-20T00:00:16","date_gmt":"2025-03-20T03:00:16","guid":{"rendered":"https:\/\/www.radioamigavallenar.cl\/?p=89750"},"modified":"2025-03-19T20:36:44","modified_gmt":"2025-03-19T23:36:44","slug":"vpe-de-enami-destaca-el-enfoque-descentralizador-del-proyecto-de-ley-que-modifica-su-gobierno-corporativo","status":"publish","type":"post","link":"https:\/\/www.radioamigavallenar.cl\/?p=89750","title":{"rendered":"VPE de ENAMI destaca el enfoque descentralizador del proyecto de ley que modifica su gobierno corporativo"},"content":{"rendered":"<p data-start=\"117\" data-end=\"348\"><strong data-start=\"117\" data-end=\"346\">La iniciativa legislativa busca trasladar la alta direcci\u00f3n de ENAMI a regiones mineras, eliminando su centralizaci\u00f3n en Santiago, con el objetivo de fortalecer la toma de decisiones en los territorios donde opera la empresa.<\/strong><\/p>\n<p data-start=\"350\" data-end=\"651\">El vicepresidente ejecutivo de la Empresa Nacional de Miner\u00eda (ENAMI), Iv\u00e1n Mlynarz, junto a representantes sindicales, expuso ante la Comisi\u00f3n de Miner\u00eda y Energ\u00eda de la C\u00e1mara de Diputadas y Diputados sobre el proyecto de ley que busca modernizar el gobierno corporativo de la estatal.<\/p>\n<p data-start=\"653\" data-end=\"969\">Mlynarz destac\u00f3 que la propuesta, que cuenta con suma urgencia legislativa, tiene entre sus principales objetivos la descentralizaci\u00f3n de la empresa, estableciendo que la Vicepresidencia Ejecutiva y sus principales ejecutivos deber\u00e1n trasladarse a una regi\u00f3n minera, excluyendo la Regi\u00f3n Metropolitana.<\/p>\n<p data-start=\"971\" data-end=\"1335\">El ejecutivo record\u00f3 que la idea de instalar las oficinas centrales de ENAMI en Copiap\u00f3 ya se hab\u00eda discutido en 2004, en el contexto de la venta de Ventanas a Codelco, pero nunca se concret\u00f3. Ahora, el proyecto establece un plazo m\u00e1ximo de 24 meses para implementar este cambio, lo que implicar\u00e1 la reubicaci\u00f3n de gerencias y personal clave.<\/p>\n<p data-start=\"1337\" data-end=\"1625\">\u00abHoy el objetivo de descentralizaci\u00f3n es claro. La empresa tendr\u00e1 que definir si la sede estar\u00e1 en Copiap\u00f3, La Serena o Antofagasta, pero no en Santiago. Si se toma en serio esta medida, no solo implica trasladar oficinas, sino tambi\u00e9n personas y equipos completos\u00bb, afirm\u00f3 Mlynarz.<\/p>\n<p data-start=\"1664\" data-end=\"1854\">Durante la sesi\u00f3n, los sindicatos de ENAMI manifestaron su respaldo a la modernizaci\u00f3n del gobierno corporativo, aunque expresaron inquietudes respecto al proceso de descentralizaci\u00f3n.<\/p>\n<p data-start=\"1856\" data-end=\"2133\">Betzab\u00e9 Leiva Due\u00f1as, presidenta del Sindicato ENAMI Santiago, se\u00f1al\u00f3 que, si bien est\u00e1n de acuerdo con la modernizaci\u00f3n de la empresa, \u00abun traslado para quienes trabajamos en Santiago no es f\u00e1cil\u00bb, dado que muchos trabajadores han desarrollado su vida en la capital.<\/p>\n<p data-start=\"2135\" data-end=\"2497\">Por su parte, Mario Chassignolle, presidente de la Agrupaci\u00f3n Nacional de Supervisores ENAMI (ANSE), record\u00f3 que la necesidad de un nuevo modelo de gobierno corporativo fue planteada en un congreso realizado en 2013 en La Serena. \u00abHemos estado luchando m\u00e1s de 10 a\u00f1os por esto, y nos alegra que en este gobierno se concrete ese anhelo\u00bb, afirm\u00f3.<\/p>\n<p data-start=\"2543\" data-end=\"2760\">Mlynarz enfatiz\u00f3 que, aunque ENAMI tiene operaciones en diversas regiones mineras, su alta direcci\u00f3n sigue centralizada en Santiago, lo que limita la capacidad de respuesta y vinculaci\u00f3n con los territorios.<\/p>\n<p data-start=\"2762\" data-end=\"3075\">\u00abENAMI no est\u00e1 solo en Santiago. Est\u00e1 en Salado, en Vallenar, en Matta, en Tocopilla, en todas nuestras oficinas mineras que atienden a peque\u00f1os productores. El problema es que los altos ejecutivos no est\u00e1n en regiones, y lo que propone el gobierno es que estos est\u00e9n m\u00e1s cerca de las operaciones\u00bb, explic\u00f3.<\/p>\n<p data-start=\"3077\" data-end=\"3388\">El vicepresidente ejecutivo destac\u00f3 adem\u00e1s que la modernizaci\u00f3n del gobierno corporativo busca hacer de ENAMI una empresa m\u00e1s profesional y con una gesti\u00f3n enfocada en el desarrollo sustentable de la miner\u00eda, en lugar de una estructura representativa de distintos actores sin un enfoque estrat\u00e9gico claro.<\/p>\n<p data-start=\"3390\" data-end=\"3610\" data-is-last-node=\"\" data-is-only-node=\"\">\u00abEste cambio llega en el momento adecuado. La empresa est\u00e1 hoy con sostenibilidad financiera, con una deuda controlada y con resultados que demuestran que es capaz de gestionar su propia operaci\u00f3n\u00bb, concluy\u00f3 Mlynarz.<\/p>\n","protected":false},"excerpt":{"rendered":"<p>La iniciativa legislativa busca trasladar la alta direcci\u00f3n de ENAMI a regiones mineras, eliminando su centralizaci\u00f3n en Santiago, con el objetivo de fortalecer la toma&hellip; <\/p>\n","protected":false},"author":6,"featured_media":89751,"comment_status":"closed","ping_status":"closed","sticky":false,"template":"","format":"standard","meta":{"footnotes":""},"categories":[7],"tags":[],"class_list":["post-89750","post","type-post","status-publish","format-standard","has-post-thumbnail","hentry","category-atacama"],"_links":{"self":[{"href":"https:\/\/www.radioamigavallenar.cl\/index.php?rest_route=\/wp\/v2\/posts\/89750","targetHints":{"allow":["GET"]}}],"collection":[{"href":"https:\/\/www.radioamigavallenar.cl\/index.php?rest_route=\/wp\/v2\/posts"}],"about":[{"href":"https:\/\/www.radioamigavallenar.cl\/index.php?rest_route=\/wp\/v2\/types\/post"}],"author":[{"embeddable":true,"href":"https:\/\/www.radioamigavallenar.cl\/index.php?rest_route=\/wp\/v2\/users\/6"}],"replies":[{"embeddable":true,"href":"https:\/\/www.radioamigavallenar.cl\/index.php?rest_route=%2Fwp%2Fv2%2Fcomments&post=89750"}],"version-history":[{"count":1,"href":"https:\/\/www.radioamigavallenar.cl\/index.php?rest_route=\/wp\/v2\/posts\/89750\/revisions"}],"predecessor-version":[{"id":89752,"href":"https:\/\/www.radioamigavallenar.cl\/index.php?rest_route=\/wp\/v2\/posts\/89750\/revisions\/89752"}],"wp:featuredmedia":[{"embeddable":true,"href":"https:\/\/www.radioamigavallenar.cl\/index.php?rest_route=\/wp\/v2\/media\/89751"}],"wp:attachment":[{"href":"https:\/\/www.radioamigavallenar.cl\/index.php?rest_route=%2Fwp%2Fv2%2Fmedia&parent=89750"}],"wp:term":[{"taxonomy":"category","embeddable":true,"href":"https:\/\/www.radioamigavallenar.cl\/index.php?rest_route=%2Fwp%2Fv2%2Fcategories&post=89750"},{"taxonomy":"post_tag","embeddable":true,"href":"https:\/\/www.radioamigavallenar.cl\/index.php?rest_route=%2Fwp%2Fv2%2Ftags&post=89750"}],"curies":[{"name":"wp","href":"https:\/\/api.w.org\/{rel}","templated":true}]}}