{"id":89687,"date":"2025-03-18T02:20:58","date_gmt":"2025-03-18T05:20:58","guid":{"rendered":"https:\/\/www.radioamigavallenar.cl\/?p=89687"},"modified":"2025-03-18T02:21:07","modified_gmt":"2025-03-18T05:21:07","slug":"ultimo-pago-del-bono-marzo-2025-revisa-con-tu-rut-si-te-corresponden-los-64-574-del-beneficio","status":"publish","type":"post","link":"https:\/\/www.radioamigavallenar.cl\/?p=89687","title":{"rendered":"\u00daltimo pago del Bono Marzo 2025: revisa con tu RUT si te corresponden los $64.574 del beneficio"},"content":{"rendered":"<p data-start=\"107\" data-end=\"291\"><strong data-start=\"107\" data-end=\"289\">Desde este lunes 17 de marzo comenz\u00f3 la tercera y \u00faltima entrega del Aporte Familiar Permanente, dirigido a trabajadores, pensionados y beneficiarios de asignaciones familiares<\/strong><\/p>\n<p data-start=\"293\" data-end=\"634\">El Bono Marzo 2025, oficialmente conocido como Aporte Familiar Permanente, inici\u00f3 este lunes 17 de marzo su tercera y \u00faltima fase de pagos. Al igual que en las entregas anteriores del 17 de febrero y 3 de marzo, el monto asignado es de $64.574 por carga familiar o por familia, dependiendo del tipo de beneficiario.<\/p>\n<p data-start=\"636\" data-end=\"890\">Para este \u00faltimo pago, el Gobierno inform\u00f3 que los destinatarios son trabajadores y trabajadoras, as\u00ed como pensionados de entidades distintas al Instituto de Previsi\u00f3n Social (IPS), que reciben Asignaci\u00f3n Familiar o Maternal por sus cargas.<\/p>\n<p data-start=\"940\" data-end=\"1193\">Este beneficio no requiere postulaci\u00f3n, ya que se otorga de manera autom\u00e1tica a quienes cumplan los requisitos establecidos en la ley. Para ser beneficiario, la persona deb\u00eda, hasta diciembre de 2024, estar en alguna de las siguientes condiciones:<\/p>\n<ul data-start=\"1195\" data-end=\"1413\">\n<li data-start=\"1195\" data-end=\"1229\"><strong>Recibir Subsidio Familiar.<\/strong><\/li>\n<li data-start=\"1230\" data-end=\"1289\"><strong>Ser beneficiario de Asignaci\u00f3n Familiar o Maternal.<\/strong><\/li>\n<li data-start=\"1290\" data-end=\"1413\"><strong>Pertenecer al Subsistema de Seguridades y Oportunidades (Ingreso \u00c9tico Familiar) o al programa Chile Solidario.<\/strong><\/li>\n<\/ul>\n<p data-start=\"1467\" data-end=\"1641\">Para verificar si te corresponde recibir el Aporte Familiar Permanente 2025, puedes ingresar tu RUT en el portal oficial del beneficio en <a href=\"http:\/\/www.aportefamiliar.cl\" target=\"_new\" rel=\"noopener\" data-start=\"1615\" data-end=\"1636\">www.aportefamiliar.cl<\/a>.<\/p>\n<p data-start=\"1643\" data-end=\"1829\">Si no apareces con derecho al pago, pero crees cumplir con los requisitos o recibiste un monto menor al correspondiente, puedes presentar un reclamo en la misma plataforma oficial.<\/p>\n<p data-start=\"1871\" data-end=\"1978\">El Gobierno inform\u00f3 que la entrega del beneficio se realizar\u00e1 a trav\u00e9s de los siguientes m\u00e9todos de pago:<\/p>\n<ul data-start=\"1980\" data-end=\"2343\">\n<li data-start=\"1980\" data-end=\"2121\">Personas que no son beneficiarios habituales del IPS: recibir\u00e1n el Aporte Familiar Permanente en su CuentaRut de BancoEstado.<\/li>\n<li data-start=\"2122\" data-end=\"2232\">Personas sin CuentaRut: deber\u00e1n cobrar el beneficio de forma presencial en los puntos habilitados.<\/li>\n<li data-start=\"2233\" data-end=\"2343\">Personas que ya reciben pagos del IPS: el monto se incluir\u00e1 en el pago habitual de sus beneficios.<\/li>\n<\/ul>\n<p data-start=\"2345\" data-end=\"2483\" data-is-last-node=\"\" data-is-only-node=\"\">Este es el \u00faltimo pago programado del Bono Marzo 2025, beneficio que busca aliviar la carga econ\u00f3mica de miles de familias en el pa\u00eds.<\/p>\n","protected":false},"excerpt":{"rendered":"<p>Desde este lunes 17 de marzo comenz\u00f3 la tercera y \u00faltima entrega del Aporte Familiar Permanente, dirigido a trabajadores, pensionados y beneficiarios de asignaciones familiares&hellip; <\/p>\n","protected":false},"author":6,"featured_media":81262,"comment_status":"closed","ping_status":"closed","sticky":false,"template":"","format":"standard","meta":{"footnotes":""},"categories":[37],"tags":[],"class_list":["post-89687","post","type-post","status-publish","format-standard","has-post-thumbnail","hentry","category-nacional"],"_links":{"self":[{"href":"https:\/\/www.radioamigavallenar.cl\/index.php?rest_route=\/wp\/v2\/posts\/89687","targetHints":{"allow":["GET"]}}],"collection":[{"href":"https:\/\/www.radioamigavallenar.cl\/index.php?rest_route=\/wp\/v2\/posts"}],"about":[{"href":"https:\/\/www.radioamigavallenar.cl\/index.php?rest_route=\/wp\/v2\/types\/post"}],"author":[{"embeddable":true,"href":"https:\/\/www.radioamigavallenar.cl\/index.php?rest_route=\/wp\/v2\/users\/6"}],"replies":[{"embeddable":true,"href":"https:\/\/www.radioamigavallenar.cl\/index.php?rest_route=%2Fwp%2Fv2%2Fcomments&post=89687"}],"version-history":[{"count":1,"href":"https:\/\/www.radioamigavallenar.cl\/index.php?rest_route=\/wp\/v2\/posts\/89687\/revisions"}],"predecessor-version":[{"id":89688,"href":"https:\/\/www.radioamigavallenar.cl\/index.php?rest_route=\/wp\/v2\/posts\/89687\/revisions\/89688"}],"wp:featuredmedia":[{"embeddable":true,"href":"https:\/\/www.radioamigavallenar.cl\/index.php?rest_route=\/wp\/v2\/media\/81262"}],"wp:attachment":[{"href":"https:\/\/www.radioamigavallenar.cl\/index.php?rest_route=%2Fwp%2Fv2%2Fmedia&parent=89687"}],"wp:term":[{"taxonomy":"category","embeddable":true,"href":"https:\/\/www.radioamigavallenar.cl\/index.php?rest_route=%2Fwp%2Fv2%2Fcategories&post=89687"},{"taxonomy":"post_tag","embeddable":true,"href":"https:\/\/www.radioamigavallenar.cl\/index.php?rest_route=%2Fwp%2Fv2%2Ftags&post=89687"}],"curies":[{"name":"wp","href":"https:\/\/api.w.org\/{rel}","templated":true}]}}