{"id":89629,"date":"2025-03-17T00:00:58","date_gmt":"2025-03-17T03:00:58","guid":{"rendered":"https:\/\/www.radioamigavallenar.cl\/?p=89629"},"modified":"2025-03-16T23:44:49","modified_gmt":"2025-03-17T02:44:49","slug":"municipios-de-atacama-ya-pueden-postular-al-programa-parque-solar-comunitario","status":"publish","type":"post","link":"https:\/\/www.radioamigavallenar.cl\/?p=89629","title":{"rendered":"Municipios de Atacama ya pueden postular al programa \u201cParque Solar Comunitario\u201d"},"content":{"rendered":"<p data-start=\"91\" data-end=\"306\"><strong data-start=\"91\" data-end=\"304\">La iniciativa del Ministerio de Energ\u00eda y la Agencia de Sostenibilidad Energ\u00e9tica busca que las municipalidades instalen plantas solares en terrenos p\u00fablicos para reducir las cuentas de luz de sus comunidades.<\/strong><\/p>\n<p data-start=\"308\" data-end=\"765\">La seremi de Energ\u00eda de Atacama, Yenny Valenzuela Araya, anunci\u00f3 la apertura del proceso de postulaci\u00f3n al programa \u00abParque Solar Comunitario\u00bb, impulsado por el Ministerio de Energ\u00eda y la Agencia de Sostenibilidad Energ\u00e9tica. La convocatoria est\u00e1 dirigida a municipios de todo el pa\u00eds con el objetivo de que aprovechen terrenos municipales para la instalaci\u00f3n de plantas solares, permitiendo as\u00ed disminuir los costos el\u00e9ctricos en sus comunidades.<\/p>\n<p data-start=\"767\" data-end=\"1023\">La iniciativa busca agilizar el dise\u00f1o de proyectos de generaci\u00f3n distribuida de propiedad conjunta o comunitaria, promoviendo la incorporaci\u00f3n de energ\u00edas renovables a nivel local y fortaleciendo la capacidad de gesti\u00f3n energ\u00e9tica de los municipios.<\/p>\n<p data-start=\"1060\" data-end=\"1354\">Seg\u00fan explic\u00f3 la seremi Yenny Valenzuela, este programa representa una gran oportunidad para los municipios de Atacama, ya que les permitir\u00e1 no solo reducir las cuentas de luz de sus comunidades, sino tambi\u00e9n avanzar en la transici\u00f3n energ\u00e9tica con el apoyo t\u00e9cnico especializado.<\/p>\n<p data-start=\"1356\" data-end=\"1785\">\u201cInvitamos a los municipios de la regi\u00f3n a postular a esta gran oportunidad que les permitir\u00e1 instalar plantas solares en terrenos municipales, reduciendo las cuentas de luz de sus comunidades y avanzando en la transici\u00f3n energ\u00e9tica. Adem\u00e1s, recibir\u00e1n asistencia t\u00e9cnica especializada para el desarrollo y gesti\u00f3n de estos proyectos, fortaleciendo as\u00ed sus capacidades en energ\u00edas renovables\u201d, destac\u00f3 la autoridad regional.<\/p>\n<p data-start=\"1787\" data-end=\"2062\">El \u00abParque Solar Comunitario\u00bb tambi\u00e9n entregar\u00e1 asistencia t\u00e9cnica especializada en energ\u00edas renovables, abordando las principales brechas que enfrentan los equipos municipales en el dise\u00f1o y formulaci\u00f3n de proyectos de generaci\u00f3n distribuida de propiedad conjunta.<\/p>\n<p data-start=\"2064\" data-end=\"2117\">Entre los aspectos clave del programa, se incluyen:<\/p>\n<ul data-start=\"2118\" data-end=\"2365\">\n<li data-start=\"2118\" data-end=\"2183\">Prefactibilidad y dise\u00f1o b\u00e1sico de plantas fotovoltaicas.<\/li>\n<li data-start=\"2184\" data-end=\"2244\">Capacitaci\u00f3n y asesor\u00eda t\u00e9cnica para los municipios.<\/li>\n<li data-start=\"2245\" data-end=\"2365\">Trabajo coordinado con los equipos municipales para fortalecer la gobernanza del contrato de propiedad conjunta.<\/li>\n<\/ul>\n<p data-start=\"2367\" data-end=\"2568\">Este \u00faltimo punto es crucial para la sostenibilidad de los proyectos en el tiempo, asegurando que las iniciativas de energ\u00eda solar comunitaria sean viables y eficientes en su operaci\u00f3n a largo plazo. Los municipios interesados en participar en el programa pueden acceder a m\u00e1s informaci\u00f3n y completar el proceso de postulaci\u00f3n a trav\u00e9s del sitio web del Ministerio de Energ\u00eda y la Agencia de Sostenibilidad Energ\u00e9tica.<\/p>\n","protected":false},"excerpt":{"rendered":"<p>La iniciativa del Ministerio de Energ\u00eda y la Agencia de Sostenibilidad Energ\u00e9tica busca que las municipalidades instalen plantas solares en terrenos p\u00fablicos para reducir las&hellip; <\/p>\n","protected":false},"author":6,"featured_media":89630,"comment_status":"closed","ping_status":"closed","sticky":false,"template":"","format":"standard","meta":{"footnotes":""},"categories":[7],"tags":[],"class_list":["post-89629","post","type-post","status-publish","format-standard","has-post-thumbnail","hentry","category-atacama"],"_links":{"self":[{"href":"https:\/\/www.radioamigavallenar.cl\/index.php?rest_route=\/wp\/v2\/posts\/89629","targetHints":{"allow":["GET"]}}],"collection":[{"href":"https:\/\/www.radioamigavallenar.cl\/index.php?rest_route=\/wp\/v2\/posts"}],"about":[{"href":"https:\/\/www.radioamigavallenar.cl\/index.php?rest_route=\/wp\/v2\/types\/post"}],"author":[{"embeddable":true,"href":"https:\/\/www.radioamigavallenar.cl\/index.php?rest_route=\/wp\/v2\/users\/6"}],"replies":[{"embeddable":true,"href":"https:\/\/www.radioamigavallenar.cl\/index.php?rest_route=%2Fwp%2Fv2%2Fcomments&post=89629"}],"version-history":[{"count":1,"href":"https:\/\/www.radioamigavallenar.cl\/index.php?rest_route=\/wp\/v2\/posts\/89629\/revisions"}],"predecessor-version":[{"id":89631,"href":"https:\/\/www.radioamigavallenar.cl\/index.php?rest_route=\/wp\/v2\/posts\/89629\/revisions\/89631"}],"wp:featuredmedia":[{"embeddable":true,"href":"https:\/\/www.radioamigavallenar.cl\/index.php?rest_route=\/wp\/v2\/media\/89630"}],"wp:attachment":[{"href":"https:\/\/www.radioamigavallenar.cl\/index.php?rest_route=%2Fwp%2Fv2%2Fmedia&parent=89629"}],"wp:term":[{"taxonomy":"category","embeddable":true,"href":"https:\/\/www.radioamigavallenar.cl\/index.php?rest_route=%2Fwp%2Fv2%2Fcategories&post=89629"},{"taxonomy":"post_tag","embeddable":true,"href":"https:\/\/www.radioamigavallenar.cl\/index.php?rest_route=%2Fwp%2Fv2%2Ftags&post=89629"}],"curies":[{"name":"wp","href":"https:\/\/api.w.org\/{rel}","templated":true}]}}