{"id":89620,"date":"2025-03-17T00:00:18","date_gmt":"2025-03-17T03:00:18","guid":{"rendered":"https:\/\/www.radioamigavallenar.cl\/?p=89620"},"modified":"2025-03-16T23:17:06","modified_gmt":"2025-03-17T02:17:06","slug":"junaeb-inicia-entrega-de-utiles-escolares-en-la-region-de-atacama","status":"publish","type":"post","link":"https:\/\/www.radioamigavallenar.cl\/?p=89620","title":{"rendered":"JUNAEB inicia entrega de \u00fatiles escolares en la Regi\u00f3n de Atacama"},"content":{"rendered":"<p data-start=\"77\" data-end=\"298\"><strong data-start=\"77\" data-end=\"296\">M\u00e1s de 42 mil sets ser\u00e1n distribuidos en la regi\u00f3n, beneficiando a estudiantes de distintos niveles educativos. A nivel nacional, el programa entregar\u00e1 m\u00e1s de 25 millones de art\u00edculos a m\u00e1s de 2 millones de alumnos.<\/strong><\/p>\n<p data-start=\"300\" data-end=\"613\">Con una actividad en la Escuela Bruno Zavala Fredes de Copiap\u00f3, JUNAEB dio inicio a la entrega de \u00fatiles escolares en la Regi\u00f3n de Atacama. La jornada cont\u00f3 con la presencia de autoridades regionales y parlamentarias, quienes destacaron el impacto del programa en la equidad educativa y el apoyo a las familias.<\/p>\n<p data-start=\"615\" data-end=\"857\">El Programa de \u00datiles Escolares (PUE) tiene como objetivo garantizar que los estudiantes de educaci\u00f3n parvularia, b\u00e1sica, media y de adultos inicien el a\u00f1o escolar con los materiales necesarios, aliviando la carga econ\u00f3mica de sus familias.<\/p>\n<p data-start=\"859\" data-end=\"1187\">\u201cEstamos cumpliendo de manera oportuna y eficiente con la entrega de \u00fatiles escolares. Son m\u00e1s de 42 mil sets que representan un apoyo directo a las familias de nuestro territorio, asegurando que cada estudiante comience el a\u00f1o en igualdad de condiciones\u201d, expres\u00f3 la directora regional de JUNAEB, Caroline Harder Barrera.<\/p>\n<p data-start=\"1189\" data-end=\"1608\">Por su parte, el Delegado Presidencial Regional, Rodrigo Illanes Naranjo, destac\u00f3 la modernizaci\u00f3n del programa con la incorporaci\u00f3n de art\u00edculos como calculadoras cient\u00edficas para estudiantes de octavo b\u00e1sico y portaminas en ense\u00f1anza media. \u201cEste programa es una de las iniciativas de apoyo escolar m\u00e1s importantes y hemos trabajado para fortalecerlo, adapt\u00e1ndolo a las necesidades acad\u00e9micas actuales\u201d, afirm\u00f3.<\/p>\n<p data-start=\"1610\" data-end=\"1982\">El Seremi de Educaci\u00f3n, Pablo Selles, subray\u00f3 la importancia de este beneficio para las y los estudiantes. \u201cLas ni\u00f1as y ni\u00f1os son los protagonistas de esta jornada. Pudimos ver su emoci\u00f3n al recibir sus \u00fatiles, que adem\u00e1s incluyen cuadernos con informaci\u00f3n sobre salud, seguridad vial y alimentaci\u00f3n saludable, promoviendo h\u00e1bitos positivos en su formaci\u00f3n\u201d, se\u00f1al\u00f3.<\/p>\n<p data-start=\"1984\" data-end=\"2125\">El proceso de distribuci\u00f3n de los \u00fatiles escolares comenz\u00f3 el 24 de febrero y ya se ha despachado m\u00e1s del 70% de los materiales en Atacama.<\/p>\n<p data-start=\"2127\" data-end=\"2441\" data-is-last-node=\"\" data-is-only-node=\"\">Los sets incluyen cuadernos universitarios, l\u00e1pices de colores, reglas, gomas de borrar, sacapuntas y otros art\u00edculos seg\u00fan el nivel educativo. Adem\u00e1s, contienen consejos educativos sobre autocuidado, salud mental y actividad f\u00edsica, reforzando el compromiso de JUNAEB con el bienestar integral de los estudiantes.<\/p>\n","protected":false},"excerpt":{"rendered":"<p>M\u00e1s de 42 mil sets ser\u00e1n distribuidos en la regi\u00f3n, beneficiando a estudiantes de distintos niveles educativos. A nivel nacional, el programa entregar\u00e1 m\u00e1s de&hellip; <\/p>\n","protected":false},"author":6,"featured_media":89621,"comment_status":"closed","ping_status":"closed","sticky":false,"template":"","format":"standard","meta":{"footnotes":""},"categories":[7],"tags":[],"class_list":["post-89620","post","type-post","status-publish","format-standard","has-post-thumbnail","hentry","category-atacama"],"_links":{"self":[{"href":"https:\/\/www.radioamigavallenar.cl\/index.php?rest_route=\/wp\/v2\/posts\/89620","targetHints":{"allow":["GET"]}}],"collection":[{"href":"https:\/\/www.radioamigavallenar.cl\/index.php?rest_route=\/wp\/v2\/posts"}],"about":[{"href":"https:\/\/www.radioamigavallenar.cl\/index.php?rest_route=\/wp\/v2\/types\/post"}],"author":[{"embeddable":true,"href":"https:\/\/www.radioamigavallenar.cl\/index.php?rest_route=\/wp\/v2\/users\/6"}],"replies":[{"embeddable":true,"href":"https:\/\/www.radioamigavallenar.cl\/index.php?rest_route=%2Fwp%2Fv2%2Fcomments&post=89620"}],"version-history":[{"count":1,"href":"https:\/\/www.radioamigavallenar.cl\/index.php?rest_route=\/wp\/v2\/posts\/89620\/revisions"}],"predecessor-version":[{"id":89622,"href":"https:\/\/www.radioamigavallenar.cl\/index.php?rest_route=\/wp\/v2\/posts\/89620\/revisions\/89622"}],"wp:featuredmedia":[{"embeddable":true,"href":"https:\/\/www.radioamigavallenar.cl\/index.php?rest_route=\/wp\/v2\/media\/89621"}],"wp:attachment":[{"href":"https:\/\/www.radioamigavallenar.cl\/index.php?rest_route=%2Fwp%2Fv2%2Fmedia&parent=89620"}],"wp:term":[{"taxonomy":"category","embeddable":true,"href":"https:\/\/www.radioamigavallenar.cl\/index.php?rest_route=%2Fwp%2Fv2%2Fcategories&post=89620"},{"taxonomy":"post_tag","embeddable":true,"href":"https:\/\/www.radioamigavallenar.cl\/index.php?rest_route=%2Fwp%2Fv2%2Ftags&post=89620"}],"curies":[{"name":"wp","href":"https:\/\/api.w.org\/{rel}","templated":true}]}}