{"id":89572,"date":"2025-03-13T11:52:02","date_gmt":"2025-03-13T14:52:02","guid":{"rendered":"https:\/\/www.radioamigavallenar.cl\/?p=89572"},"modified":"2025-03-13T11:52:02","modified_gmt":"2025-03-13T14:52:02","slug":"atacama-ingresan-a-evaluacion-ambiental-proyecto-de-almacenamiento-energetico-de-us120-millones-en-freirina","status":"publish","type":"post","link":"https:\/\/www.radioamigavallenar.cl\/?p=89572","title":{"rendered":"Atacama: Ingresan a evaluaci\u00f3n ambiental proyecto de almacenamiento energ\u00e9tico de US$120 millones en Freirina"},"content":{"rendered":"<p data-start=\"121\" data-end=\"257\"><strong data-start=\"121\" data-end=\"255\">La iniciativa contempla una capacidad de almacenamiento de 500 MWh y busca reforzar la estabilidad del Sistema El\u00e9ctrico Nacional.<\/strong><\/p>\n<p data-start=\"259\" data-end=\"777\">Un nuevo proyecto de almacenamiento energ\u00e9tico, denominado \u201cSistema de Almacenamiento de Energ\u00eda BESS Freirina\u201d, ingres\u00f3 al Servicio de Evaluaci\u00f3n Ambiental (SEIA) con el objetivo de instalar una central de 100 MW de capacidad en la comuna de Freirina, regi\u00f3n de Atacama. La iniciativa, que representa una inversi\u00f3n de US$120 millones, permitir\u00e1 almacenar hasta 500 MWh de energ\u00eda y entregarla al sistema en momentos de alta demanda, adem\u00e1s de absorber energ\u00eda de la red cuando sea necesario.<\/p>\n<p data-start=\"819\" data-end=\"1275\">El sistema est\u00e1 compuesto por 15 grupos de bater\u00edas, cada uno con 8 contenedores de litio ferrofosfato de 4,2 MWh, adem\u00e1s de subestaciones unitarias y sistemas de conversi\u00f3n de energ\u00eda (Power Conversion Systems). La energ\u00eda almacenada ser\u00e1 inyectada al Sistema El\u00e9ctrico Nacional (SEN) mediante una conexi\u00f3n a la l\u00ednea Guacolda-Maitencillo, a trav\u00e9s de una subestaci\u00f3n elevadora que transformar\u00e1 la electricidad de 33 kV a 220 kV.<\/p>\n<p data-start=\"1277\" data-end=\"1624\">El dise\u00f1o contempla adem\u00e1s un espacio para el repotenciamiento de 30 contenedores adicionales de 20 pies, que se instalar\u00e1n progresivamente a medida que las bater\u00edas pierdan capacidad con el tiempo. Se espera que esta ampliaci\u00f3n se realice en un plazo de 15 a\u00f1os, asegurando as\u00ed la continuidad y eficiencia del almacenamiento energ\u00e9tico.<\/p>\n<p data-start=\"1667\" data-end=\"1863\">Durante la fase de construcci\u00f3n, que se extender\u00e1 por ocho meses, se estima la contrataci\u00f3n de un promedio de 45 trabajadores, con un m\u00e1ximo de 50 en los periodos de mayor actividad. En tanto, la operaci\u00f3n del sistema ser\u00e1 remota, por lo que la mantenci\u00f3n ser\u00e1 peri\u00f3dica y requerir\u00e1 visitas t\u00e9cnicas mensuales de hasta seis trabajadores.<\/p>\n","protected":false},"excerpt":{"rendered":"<p>La iniciativa contempla una capacidad de almacenamiento de 500 MWh y busca reforzar la estabilidad del Sistema El\u00e9ctrico Nacional. Un nuevo proyecto de almacenamiento energ\u00e9tico,&hellip; <\/p>\n","protected":false},"author":6,"featured_media":89573,"comment_status":"closed","ping_status":"closed","sticky":false,"template":"","format":"standard","meta":{"footnotes":""},"categories":[38],"tags":[],"class_list":["post-89572","post","type-post","status-publish","format-standard","has-post-thumbnail","hentry","category-portada-regional"],"_links":{"self":[{"href":"https:\/\/www.radioamigavallenar.cl\/index.php?rest_route=\/wp\/v2\/posts\/89572","targetHints":{"allow":["GET"]}}],"collection":[{"href":"https:\/\/www.radioamigavallenar.cl\/index.php?rest_route=\/wp\/v2\/posts"}],"about":[{"href":"https:\/\/www.radioamigavallenar.cl\/index.php?rest_route=\/wp\/v2\/types\/post"}],"author":[{"embeddable":true,"href":"https:\/\/www.radioamigavallenar.cl\/index.php?rest_route=\/wp\/v2\/users\/6"}],"replies":[{"embeddable":true,"href":"https:\/\/www.radioamigavallenar.cl\/index.php?rest_route=%2Fwp%2Fv2%2Fcomments&post=89572"}],"version-history":[{"count":1,"href":"https:\/\/www.radioamigavallenar.cl\/index.php?rest_route=\/wp\/v2\/posts\/89572\/revisions"}],"predecessor-version":[{"id":89574,"href":"https:\/\/www.radioamigavallenar.cl\/index.php?rest_route=\/wp\/v2\/posts\/89572\/revisions\/89574"}],"wp:featuredmedia":[{"embeddable":true,"href":"https:\/\/www.radioamigavallenar.cl\/index.php?rest_route=\/wp\/v2\/media\/89573"}],"wp:attachment":[{"href":"https:\/\/www.radioamigavallenar.cl\/index.php?rest_route=%2Fwp%2Fv2%2Fmedia&parent=89572"}],"wp:term":[{"taxonomy":"category","embeddable":true,"href":"https:\/\/www.radioamigavallenar.cl\/index.php?rest_route=%2Fwp%2Fv2%2Fcategories&post=89572"},{"taxonomy":"post_tag","embeddable":true,"href":"https:\/\/www.radioamigavallenar.cl\/index.php?rest_route=%2Fwp%2Fv2%2Ftags&post=89572"}],"curies":[{"name":"wp","href":"https:\/\/api.w.org\/{rel}","templated":true}]}}