{"id":89543,"date":"2025-03-13T09:33:52","date_gmt":"2025-03-13T12:33:52","guid":{"rendered":"https:\/\/www.radioamigavallenar.cl\/?p=89543"},"modified":"2025-03-13T09:33:52","modified_gmt":"2025-03-13T12:33:52","slug":"atacama-definira-el-nombre-de-la-biblioteca-patrimonial-del-nuevo-museo-regional-en-un-proceso-participativo","status":"publish","type":"post","link":"https:\/\/www.radioamigavallenar.cl\/?p=89543","title":{"rendered":"Atacama definir\u00e1 el nombre de la biblioteca patrimonial del nuevo Museo Regional en un proceso participativo"},"content":{"rendered":"<p data-start=\"120\" data-end=\"395\"><strong data-start=\"120\" data-end=\"393\">En el marco del Mes de la Mujer, organizaciones locales y lideres de distintos \u00e1mbitos participaron en la jornada \u201cMujeres en nuestra historia\u201d, iniciativa que busca homenajear a una mujer destacada de la regi\u00f3n al nombrar la biblioteca del Museo Regional de Atacama.<\/strong><\/p>\n<p data-start=\"397\" data-end=\"938\">Con una amplia convocatoria, en dependencias del Archivo Regional de Atacama se realiz\u00f3 la primera jornada de \u201cMujeres en nuestra historia\u201d, instancia de di\u00e1logo y reflexi\u00f3n impulsada por la Seremi de las Culturas, las Artes y el Patrimonio junto con la Direcci\u00f3n Regional del Servicio del Patrimonio Cultural (Serpat). Esta iniciativa tiene como objetivo definir de manera participativa el nombre de la biblioteca patrimonial del nuevo Museo Regional de Atacama, que ser\u00e1 inaugurado en el segundo semestre de este a\u00f1o.<\/p>\n<p data-start=\"940\" data-end=\"1441\">El encuentro reuni\u00f3 a representantes de colectivos feministas, cient\u00edficas, artistas, educadoras, sindicalistas, historiadoras y lideresas territoriales, adem\u00e1s de autoridades regionales y comunitarias. Durante la sesi\u00f3n, el equipo del Museo Regional present\u00f3 el guion museogr\u00e1fico y el contenido de las siete salas de exposici\u00f3n permanente, adem\u00e1s de una lista de mujeres emblem\u00e1ticas de Atacama, con el prop\u00f3sito de elegir un nombre que represente el legado y la historia de la regi\u00f3n.<\/p>\n<p data-start=\"1490\" data-end=\"1938\">El Delegado Presidencial Regional, Rodrigo Illanes Naranjo, destac\u00f3 la importancia de este proceso participativo en el contexto de la conmemoraci\u00f3n del D\u00eda Internacional de la Mujer. \u201cEs fundamental relevar el aporte de una mujer en las letras, las ciencias o el patrimonio, con un sentido hist\u00f3rico y de identidad. Lo importante es que esta decisi\u00f3n la tomen las mismas mujeres, pues le da un valor colectivo y representativo\u201d, se\u00f1al\u00f3.<\/p>\n<audio class=\"wp-audio-shortcode\" id=\"audio-89543-1\" preload=\"none\" style=\"width: 100%;\" controls=\"controls\"><source type=\"audio\/mpeg\" src=\"https:\/\/www.radioamigavallenar.cl\/wp-content\/uploads\/2025\/03\/Rodrigo-Illanes-Naranjo_-Delegado-Presidencial-Regional.mp3?_=1\" \/><a href=\"https:\/\/www.radioamigavallenar.cl\/wp-content\/uploads\/2025\/03\/Rodrigo-Illanes-Naranjo_-Delegado-Presidencial-Regional.mp3\">https:\/\/www.radioamigavallenar.cl\/wp-content\/uploads\/2025\/03\/Rodrigo-Illanes-Naranjo_-Delegado-Presidencial-Regional.mp3<\/a><\/audio>\n<p data-start=\"1940\" data-end=\"2351\">Por su parte, la directora regional del Serpat, Catisis Lobos Alcota, valor\u00f3 la instancia y el alto inter\u00e9s de la comunidad. \u201cNos parece muy pertinente que el nombre de la biblioteca rinda homenaje a una mujer destacada de nuestra historia. Convocamos a lideresas de diversos sectores para generar un proceso deliberativo y cr\u00edtico, asegurando que la elecci\u00f3n refleje el sentir de la comunidad\u201d, indic\u00f3.<\/p>\n<p data-start=\"2387\" data-end=\"2685\">Entre las participantes, la escritora y pintora Modesta Oggaz Varas resalt\u00f3 la importancia de la participaci\u00f3n ciudadana en esta decisi\u00f3n. \u201cEs clave que este sea un proceso colectivo, que refleje la opini\u00f3n de muchas y no solo de unos pocos. Eso es lo m\u00e1s importante en democracia\u201d, afirm\u00f3.<\/p>\n<audio class=\"wp-audio-shortcode\" id=\"audio-89543-2\" preload=\"none\" style=\"width: 100%;\" controls=\"controls\"><source type=\"audio\/mpeg\" src=\"https:\/\/www.radioamigavallenar.cl\/wp-content\/uploads\/2025\/03\/Modesta-Oggaz-escritora-atacamena.mp3?_=2\" \/><a href=\"https:\/\/www.radioamigavallenar.cl\/wp-content\/uploads\/2025\/03\/Modesta-Oggaz-escritora-atacamena.mp3\">https:\/\/www.radioamigavallenar.cl\/wp-content\/uploads\/2025\/03\/Modesta-Oggaz-escritora-atacamena.mp3<\/a><\/audio>\n<p data-start=\"2687\" data-end=\"3077\">En tanto, la curadora del Museo Mineral\u00f3gico, Macarena Naveas D\u00edaz, valor\u00f3 la iniciativa, destacando su car\u00e1cter in\u00e9dito en la regi\u00f3n. \u201cEs la primera vez que se realiza un proceso as\u00ed en Atacama. Que se considere la opini\u00f3n de distintos actores en la elecci\u00f3n del nombre de la biblioteca es un gran avance, pues fortalece la identidad del museo y lo acerca a la comunidad\u201d, sostuvo.<\/p>\n<audio class=\"wp-audio-shortcode\" id=\"audio-89543-3\" preload=\"none\" style=\"width: 100%;\" controls=\"controls\"><source type=\"audio\/mpeg\" src=\"https:\/\/www.radioamigavallenar.cl\/wp-content\/uploads\/2025\/03\/Macarena-Naveas-Diaz_-Curadora-y-encargada-de-colecciones-Museo-Mineralogico.mp3?_=3\" \/><a href=\"https:\/\/www.radioamigavallenar.cl\/wp-content\/uploads\/2025\/03\/Macarena-Naveas-Diaz_-Curadora-y-encargada-de-colecciones-Museo-Mineralogico.mp3\">https:\/\/www.radioamigavallenar.cl\/wp-content\/uploads\/2025\/03\/Macarena-Naveas-Diaz_-Curadora-y-encargada-de-colecciones-Museo-Mineralogico.mp3<\/a><\/audio>\n<p data-start=\"3079\" data-end=\"3475\">El director del Museo Regional, Guillermo Cort\u00e9s Lutz, explic\u00f3 el papel que jugar\u00e1 la biblioteca dentro del museo. \u201cEste ser\u00e1 un espacio especializado en patrimonio, historia, ciencias sociales y arqueolog\u00eda. Contar\u00e1 con libros que datan desde 1609 en adelante, por lo que creemos esencial que lleve el nombre de una mujer que haya dejado una huella en la historia de la regi\u00f3n\u201d, coment\u00f3.<\/p>\n<p data-start=\"3477\" data-end=\"3907\">La Seremi de las Culturas, Carolina Armenakis Daher, destac\u00f3 la importancia de este hito conmemorativo en el Mes de la Mujer. \u201cQueremos que esta biblioteca lleve el nombre de una mujer que haya hecho aportes significativos a la historia, la cultura y la equidad de g\u00e9nero. En Atacama tenemos muchas referentes para elegir, y este proceso ha despertado gran inter\u00e9s en la comunidad, lo que demuestra su relevancia\u201d, indic\u00f3.<\/p>\n<p data-start=\"3972\" data-end=\"4380\" data-is-last-node=\"\" data-is-only-node=\"\">El proceso de selecci\u00f3n continuar\u00e1 a finales de marzo con una segunda jornada de deliberaci\u00f3n, en la que las participantes definir\u00e1n el nombre final de la biblioteca patrimonial. Este espacio, parte del nuevo Museo Regional de Atacama, busca consolidarse como un centro de conocimiento, memoria e identidad, en reconocimiento al aporte de las mujeres en la historia y el desarrollo cultural de la regi\u00f3n.<\/p>\n","protected":false},"excerpt":{"rendered":"<p>En el marco del Mes de la Mujer, organizaciones locales y lideres de distintos \u00e1mbitos participaron en la jornada \u201cMujeres en nuestra historia\u201d, iniciativa que&hellip; <\/p>\n","protected":false},"author":6,"featured_media":89548,"comment_status":"closed","ping_status":"closed","sticky":false,"template":"","format":"standard","meta":{"footnotes":""},"categories":[7],"tags":[],"class_list":["post-89543","post","type-post","status-publish","format-standard","has-post-thumbnail","hentry","category-atacama"],"_links":{"self":[{"href":"https:\/\/www.radioamigavallenar.cl\/index.php?rest_route=\/wp\/v2\/posts\/89543","targetHints":{"allow":["GET"]}}],"collection":[{"href":"https:\/\/www.radioamigavallenar.cl\/index.php?rest_route=\/wp\/v2\/posts"}],"about":[{"href":"https:\/\/www.radioamigavallenar.cl\/index.php?rest_route=\/wp\/v2\/types\/post"}],"author":[{"embeddable":true,"href":"https:\/\/www.radioamigavallenar.cl\/index.php?rest_route=\/wp\/v2\/users\/6"}],"replies":[{"embeddable":true,"href":"https:\/\/www.radioamigavallenar.cl\/index.php?rest_route=%2Fwp%2Fv2%2Fcomments&post=89543"}],"version-history":[{"count":1,"href":"https:\/\/www.radioamigavallenar.cl\/index.php?rest_route=\/wp\/v2\/posts\/89543\/revisions"}],"predecessor-version":[{"id":89549,"href":"https:\/\/www.radioamigavallenar.cl\/index.php?rest_route=\/wp\/v2\/posts\/89543\/revisions\/89549"}],"wp:featuredmedia":[{"embeddable":true,"href":"https:\/\/www.radioamigavallenar.cl\/index.php?rest_route=\/wp\/v2\/media\/89548"}],"wp:attachment":[{"href":"https:\/\/www.radioamigavallenar.cl\/index.php?rest_route=%2Fwp%2Fv2%2Fmedia&parent=89543"}],"wp:term":[{"taxonomy":"category","embeddable":true,"href":"https:\/\/www.radioamigavallenar.cl\/index.php?rest_route=%2Fwp%2Fv2%2Fcategories&post=89543"},{"taxonomy":"post_tag","embeddable":true,"href":"https:\/\/www.radioamigavallenar.cl\/index.php?rest_route=%2Fwp%2Fv2%2Ftags&post=89543"}],"curies":[{"name":"wp","href":"https:\/\/api.w.org\/{rel}","templated":true}]}}