{"id":89517,"date":"2025-03-12T10:13:06","date_gmt":"2025-03-12T13:13:06","guid":{"rendered":"https:\/\/www.radioamigavallenar.cl\/?p=89517"},"modified":"2025-03-12T10:13:06","modified_gmt":"2025-03-12T13:13:06","slug":"rapida-accion-del-equipo-de-seguridad-publica-permitio-detencion-en-flagrancia-en-copiapo","status":"publish","type":"post","link":"https:\/\/www.radioamigavallenar.cl\/?p=89517","title":{"rendered":"R\u00e1pida acci\u00f3n del equipo de Seguridad P\u00fablica permiti\u00f3 detenci\u00f3n en flagrancia en Copiap\u00f3"},"content":{"rendered":"<p data-start=\"99\" data-end=\"280\"><strong data-start=\"99\" data-end=\"278\">La detenci\u00f3n ocurri\u00f3 en el frontis del edificio consistorial gracias al trabajo conjunto entre la Direcci\u00f3n de Seguridad P\u00fablica y Carabineros, en el marco del convenio OS-14.<\/strong><\/p>\n<p data-start=\"282\" data-end=\"515\">Un individuo con una orden de detenci\u00f3n vigente fue detenido la ma\u00f1ana de este martes en el frontis del municipio de Copiap\u00f3, tras ser se\u00f1alado por su presunta participaci\u00f3n en robos a usuarias dentro del edificio consistorial.<\/p>\n<p data-start=\"517\" data-end=\"814\">El operativo se llev\u00f3 a cabo gracias al r\u00e1pido aviso del equipo municipal de Seguridad P\u00fablica, que alert\u00f3 a Carabineros de Chile, permitiendo la detenci\u00f3n del sujeto en el marco del convenio OS-14, que fortalece la colaboraci\u00f3n entre ambas instituciones para mejorar la seguridad ciudadana.<\/p>\n<p data-start=\"816\" data-end=\"1288\">El alcalde de Copiap\u00f3, Maglio Cicardini Neyra, valor\u00f3 la efectividad del procedimiento, destacando que \u201cesto demuestra el r\u00e1pido actuar de nuestro equipo de Seguridad P\u00fablica, que es lo que nuestra comunidad ha estado requiriendo hace tiempo. La seguridad es un tema prioritario en nuestra administraci\u00f3n, por lo que vamos a seguir avanzando con acciones concretas, como operativos de fiscalizaci\u00f3n, patrullajes preventivos y el fortalecimiento de nuestro equipo\u201d.<\/p>\n<p data-start=\"1290\" data-end=\"1548\" data-is-last-node=\"\" data-is-only-node=\"\">Posterior a la detenci\u00f3n, se verific\u00f3 que el individuo ten\u00eda una orden de detenci\u00f3n vigente para cumplir condena por robo de bienes nacionales de uso p\u00fablico, lo que refuerza la importancia de la acci\u00f3n preventiva de los equipos de seguridad municipales.<\/p>\n<audio class=\"wp-audio-shortcode\" id=\"audio-89517-1\" preload=\"none\" style=\"width: 100%;\" controls=\"controls\"><source type=\"audio\/mpeg\" src=\"https:\/\/www.radioamigavallenar.cl\/wp-content\/uploads\/2025\/03\/OFF-Radial.mp3?_=1\" \/><a href=\"https:\/\/www.radioamigavallenar.cl\/wp-content\/uploads\/2025\/03\/OFF-Radial.mp3\">https:\/\/www.radioamigavallenar.cl\/wp-content\/uploads\/2025\/03\/OFF-Radial.mp3<\/a><\/audio>\n","protected":false},"excerpt":{"rendered":"<p>La detenci\u00f3n ocurri\u00f3 en el frontis del edificio consistorial gracias al trabajo conjunto entre la Direcci\u00f3n de Seguridad P\u00fablica y Carabineros, en el marco del&hellip; <\/p>\n","protected":false},"author":6,"featured_media":89519,"comment_status":"closed","ping_status":"closed","sticky":false,"template":"","format":"standard","meta":{"footnotes":""},"categories":[7],"tags":[],"class_list":["post-89517","post","type-post","status-publish","format-standard","has-post-thumbnail","hentry","category-atacama"],"_links":{"self":[{"href":"https:\/\/www.radioamigavallenar.cl\/index.php?rest_route=\/wp\/v2\/posts\/89517","targetHints":{"allow":["GET"]}}],"collection":[{"href":"https:\/\/www.radioamigavallenar.cl\/index.php?rest_route=\/wp\/v2\/posts"}],"about":[{"href":"https:\/\/www.radioamigavallenar.cl\/index.php?rest_route=\/wp\/v2\/types\/post"}],"author":[{"embeddable":true,"href":"https:\/\/www.radioamigavallenar.cl\/index.php?rest_route=\/wp\/v2\/users\/6"}],"replies":[{"embeddable":true,"href":"https:\/\/www.radioamigavallenar.cl\/index.php?rest_route=%2Fwp%2Fv2%2Fcomments&post=89517"}],"version-history":[{"count":1,"href":"https:\/\/www.radioamigavallenar.cl\/index.php?rest_route=\/wp\/v2\/posts\/89517\/revisions"}],"predecessor-version":[{"id":89520,"href":"https:\/\/www.radioamigavallenar.cl\/index.php?rest_route=\/wp\/v2\/posts\/89517\/revisions\/89520"}],"wp:featuredmedia":[{"embeddable":true,"href":"https:\/\/www.radioamigavallenar.cl\/index.php?rest_route=\/wp\/v2\/media\/89519"}],"wp:attachment":[{"href":"https:\/\/www.radioamigavallenar.cl\/index.php?rest_route=%2Fwp%2Fv2%2Fmedia&parent=89517"}],"wp:term":[{"taxonomy":"category","embeddable":true,"href":"https:\/\/www.radioamigavallenar.cl\/index.php?rest_route=%2Fwp%2Fv2%2Fcategories&post=89517"},{"taxonomy":"post_tag","embeddable":true,"href":"https:\/\/www.radioamigavallenar.cl\/index.php?rest_route=%2Fwp%2Fv2%2Ftags&post=89517"}],"curies":[{"name":"wp","href":"https:\/\/api.w.org\/{rel}","templated":true}]}}