{"id":89514,"date":"2025-03-12T10:08:29","date_gmt":"2025-03-12T13:08:29","guid":{"rendered":"https:\/\/www.radioamigavallenar.cl\/?p=89514"},"modified":"2025-03-12T10:08:29","modified_gmt":"2025-03-12T13:08:29","slug":"mesa-ambiental-de-chanaral-avanza-en-plan-de-accion-para-abordar-desafios-socioambientales","status":"publish","type":"post","link":"https:\/\/www.radioamigavallenar.cl\/?p=89514","title":{"rendered":"Mesa Ambiental de Cha\u00f1aral avanza en plan de acci\u00f3n para abordar desaf\u00edos socioambientales"},"content":{"rendered":"<p data-start=\"100\" data-end=\"346\"><strong data-start=\"100\" data-end=\"344\">La SEREMI del Medio Ambiente lider\u00f3 la segunda sesi\u00f3n del a\u00f1o con representantes de diversas organizaciones y autoridades, enfoc\u00e1ndose en una estrategia de inversi\u00f3n p\u00fablico-privada para mitigar problem\u00e1ticas en Cha\u00f1aral y Diego de Almagro.<\/strong><\/p>\n<p data-start=\"348\" data-end=\"718\">La Mesa Provincial de Medio Ambiente de Cha\u00f1aral sostuvo su segunda reuni\u00f3n del 2025 con el prop\u00f3sito de continuar avanzando en la construcci\u00f3n de un plan de acci\u00f3n que permita gestionar inversiones a corto, mediano y largo plazo, con el objetivo de implementar medidas concretas para enfrentar los desaf\u00edos socioambientales de Cha\u00f1aral y Diego de Almagro.<\/p>\n<p data-start=\"720\" data-end=\"1049\">La instancia fue encabezada por la seremi del Medio Ambiente, Natalia Penroz Acu\u00f1a, y cont\u00f3 con la participaci\u00f3n de la Delegaci\u00f3n Presidencial de Cha\u00f1aral, la Seremi de Salud, Jessica Rojas, representantes municipales, comunidades ind\u00edgenas, organizaciones de pescadores, agrupaciones sociales y vecinos de la zona.<\/p>\n<p data-start=\"1051\" data-end=\"1539\">Durante la jornada, la seremi del Medio Ambiente, Natalia Penroz, destac\u00f3 la importancia de la colaboraci\u00f3n entre diversos actores para concretar soluciones: \u201cSeguiremos trabajando durante este a\u00f1o para fortalecer la participaci\u00f3n de sectores p\u00fablicos y privados en la ejecuci\u00f3n del Plan de Acci\u00f3n Ambiental y Social. La comunidad ha expresado sus preocupaciones y es nuestro deber buscar respuestas concretas en l\u00ednea con el compromiso del gobierno del presidente Gabriel Boric\u201d.<\/p>\n<p data-start=\"1541\" data-end=\"1987\">Por su parte, la seremi de Salud, Jessica Rojas, subray\u00f3 el impacto de la mesa en la protecci\u00f3n ambiental y la salud p\u00fablica: \u201cEstamos garantizando que el desarrollo productivo de la provincia se lleve a cabo de manera sustentable y segura. La participaci\u00f3n de todas y todos es clave, ya que cada actor aporta desde su experiencia t\u00e9cnica para abordar los temas m\u00e1s sensibles, especialmente aquellos que afectan la salud de la comunidad\u201d.<\/p>\n<p data-start=\"1989\" data-end=\"2375\">El delegado presidencial de la provincia de Cha\u00f1aral, Jorge Fern\u00e1ndez Herrera, enfatiz\u00f3 en la importancia de la continuidad del trabajo: \u201cEs muy reconfortante ver c\u00f3mo la Mesa Ambiental ha avanzado hasta consolidar un plan de acci\u00f3n validado por todos. Ahora, el desaf\u00edo es ejecutar estas medidas con la participaci\u00f3n de las 25 organizaciones que se han sumado a la iniciativa\u201d.<\/p>\n<p data-start=\"2377\" data-end=\"2661\">En el marco del D\u00eda Internacional de la Mujer, la sesi\u00f3n incluy\u00f3 la presentaci\u00f3n de la Red Feminista de Cha\u00f1aral, con el tema \u00abMujeres y territorio: La lucha ecofeminista en las zonas de sacrificio ambiental\u00bb, abordando la crisis ecol\u00f3gica desde una perspectiva de g\u00e9nero.<\/p>\n<p data-start=\"2663\" data-end=\"2876\" data-is-last-node=\"\" data-is-only-node=\"\">La Mesa Provincial de Medio Ambiente de Cha\u00f1aral continuar\u00e1 reuni\u00e9ndose mensualmente, promoviendo estrategias de mitigaci\u00f3n y gesti\u00f3n para abordar las problem\u00e1ticas socioambientales que afectan a la comunidad.<\/p>\n","protected":false},"excerpt":{"rendered":"<p>La SEREMI del Medio Ambiente lider\u00f3 la segunda sesi\u00f3n del a\u00f1o con representantes de diversas organizaciones y autoridades, enfoc\u00e1ndose en una estrategia de inversi\u00f3n p\u00fablico-privada&hellip; <\/p>\n","protected":false},"author":6,"featured_media":89515,"comment_status":"closed","ping_status":"closed","sticky":false,"template":"","format":"standard","meta":{"footnotes":""},"categories":[7],"tags":[],"class_list":["post-89514","post","type-post","status-publish","format-standard","has-post-thumbnail","hentry","category-atacama"],"_links":{"self":[{"href":"https:\/\/www.radioamigavallenar.cl\/index.php?rest_route=\/wp\/v2\/posts\/89514","targetHints":{"allow":["GET"]}}],"collection":[{"href":"https:\/\/www.radioamigavallenar.cl\/index.php?rest_route=\/wp\/v2\/posts"}],"about":[{"href":"https:\/\/www.radioamigavallenar.cl\/index.php?rest_route=\/wp\/v2\/types\/post"}],"author":[{"embeddable":true,"href":"https:\/\/www.radioamigavallenar.cl\/index.php?rest_route=\/wp\/v2\/users\/6"}],"replies":[{"embeddable":true,"href":"https:\/\/www.radioamigavallenar.cl\/index.php?rest_route=%2Fwp%2Fv2%2Fcomments&post=89514"}],"version-history":[{"count":1,"href":"https:\/\/www.radioamigavallenar.cl\/index.php?rest_route=\/wp\/v2\/posts\/89514\/revisions"}],"predecessor-version":[{"id":89516,"href":"https:\/\/www.radioamigavallenar.cl\/index.php?rest_route=\/wp\/v2\/posts\/89514\/revisions\/89516"}],"wp:featuredmedia":[{"embeddable":true,"href":"https:\/\/www.radioamigavallenar.cl\/index.php?rest_route=\/wp\/v2\/media\/89515"}],"wp:attachment":[{"href":"https:\/\/www.radioamigavallenar.cl\/index.php?rest_route=%2Fwp%2Fv2%2Fmedia&parent=89514"}],"wp:term":[{"taxonomy":"category","embeddable":true,"href":"https:\/\/www.radioamigavallenar.cl\/index.php?rest_route=%2Fwp%2Fv2%2Fcategories&post=89514"},{"taxonomy":"post_tag","embeddable":true,"href":"https:\/\/www.radioamigavallenar.cl\/index.php?rest_route=%2Fwp%2Fv2%2Ftags&post=89514"}],"curies":[{"name":"wp","href":"https:\/\/api.w.org\/{rel}","templated":true}]}}