{"id":89464,"date":"2025-03-11T07:42:33","date_gmt":"2025-03-11T10:42:33","guid":{"rendered":"https:\/\/www.radioamigavallenar.cl\/?p=89464"},"modified":"2025-03-11T07:42:33","modified_gmt":"2025-03-11T10:42:33","slug":"pdi-detiene-a-mujer-por-ingresar-drogas-al-centro-de-detencion-preventiva-de-vallenar","status":"publish","type":"post","link":"https:\/\/www.radioamigavallenar.cl\/?p=89464","title":{"rendered":"PDI detiene a mujer por ingresar drogas al Centro de Detenci\u00f3n Preventiva de Vallenar"},"content":{"rendered":"<p data-start=\"97\" data-end=\"346\"><strong data-start=\"97\" data-end=\"344\">La imputada, de 40 a\u00f1os y con antecedentes por hurto, fue detenida tras un operativo en coordinaci\u00f3n con Gendarmer\u00eda. Se le incautaron 139,37 gramos de cannabis, coca\u00edna base, clorhidrato de coca\u00edna y ketamina, equivalentes a m\u00e1s de 640 dosis.<\/strong><\/p>\n<p data-start=\"348\" data-end=\"643\">Detectives del Grupo Investigativo Modelo Territorial Cero (MT-0) de la Brigada de Investigaci\u00f3n Criminal (Bicrim) de la Polic\u00eda de Investigaciones (PDI) de Vallenar, detuvieron a una mujer que intent\u00f3 ingresar diversas sustancias il\u00edcitas al Centro de Detenci\u00f3n Preventiva (CDP) de la comuna.<\/p>\n<p data-start=\"645\" data-end=\"828\">El operativo, realizado en coordinaci\u00f3n con Gendarmer\u00eda y el Ministerio P\u00fablico, permiti\u00f3 detectar que la imputada hab\u00eda entregado drogas a un interno durante el horario de visitas.<\/p>\n<p data-start=\"830\" data-end=\"1312\">\u201cOficiales policiales del Grupo MT-0 concurrieron hasta el CDP Vallenar tras coordinaci\u00f3n con el Ministerio P\u00fablico, luego de que funcionarios de Gendarmer\u00eda hallaran sustancias sospechosas que podr\u00edan corresponder a droga. Se realizaron diversas diligencias investigativas que permitieron establecer que se trataba de cannabis, coca\u00edna base, clorhidrato de coca\u00edna y ketamina, con un peso total de 139,37 gramos\u00bb, se\u00f1al\u00f3 el subprefecto Carlos Salinas, jefe de la Bicrim Vallenar.<\/p>\n<p data-start=\"1314\" data-end=\"1642\">El oficial agreg\u00f3 que \u201clas indagatorias desarrolladas en conjunto con Gendarmer\u00eda permitieron individualizar a la imputada, una mujer chilena de 40 a\u00f1os, quien fue detenida por el delito de microtr\u00e1fico de drogas. Este operativo permiti\u00f3 evitar la circulaci\u00f3n de m\u00e1s de 640 dosis de droga entre los internos del CDP Vallenar\u00bb.<\/p>\n<p data-start=\"1644\" data-end=\"1774\" data-is-last-node=\"\" data-is-only-node=\"\">La detenida, quien cuenta con antecedentes policiales por hurto, qued\u00f3 a disposici\u00f3n del Ministerio P\u00fablico para su formalizaci\u00f3n.<\/p>\n","protected":false},"excerpt":{"rendered":"<p>La imputada, de 40 a\u00f1os y con antecedentes por hurto, fue detenida tras un operativo en coordinaci\u00f3n con Gendarmer\u00eda. Se le incautaron 139,37 gramos de&hellip; <\/p>\n","protected":false},"author":6,"featured_media":89465,"comment_status":"closed","ping_status":"closed","sticky":false,"template":"","format":"standard","meta":{"footnotes":""},"categories":[38],"tags":[],"class_list":["post-89464","post","type-post","status-publish","format-standard","has-post-thumbnail","hentry","category-portada-regional"],"_links":{"self":[{"href":"https:\/\/www.radioamigavallenar.cl\/index.php?rest_route=\/wp\/v2\/posts\/89464","targetHints":{"allow":["GET"]}}],"collection":[{"href":"https:\/\/www.radioamigavallenar.cl\/index.php?rest_route=\/wp\/v2\/posts"}],"about":[{"href":"https:\/\/www.radioamigavallenar.cl\/index.php?rest_route=\/wp\/v2\/types\/post"}],"author":[{"embeddable":true,"href":"https:\/\/www.radioamigavallenar.cl\/index.php?rest_route=\/wp\/v2\/users\/6"}],"replies":[{"embeddable":true,"href":"https:\/\/www.radioamigavallenar.cl\/index.php?rest_route=%2Fwp%2Fv2%2Fcomments&post=89464"}],"version-history":[{"count":1,"href":"https:\/\/www.radioamigavallenar.cl\/index.php?rest_route=\/wp\/v2\/posts\/89464\/revisions"}],"predecessor-version":[{"id":89466,"href":"https:\/\/www.radioamigavallenar.cl\/index.php?rest_route=\/wp\/v2\/posts\/89464\/revisions\/89466"}],"wp:featuredmedia":[{"embeddable":true,"href":"https:\/\/www.radioamigavallenar.cl\/index.php?rest_route=\/wp\/v2\/media\/89465"}],"wp:attachment":[{"href":"https:\/\/www.radioamigavallenar.cl\/index.php?rest_route=%2Fwp%2Fv2%2Fmedia&parent=89464"}],"wp:term":[{"taxonomy":"category","embeddable":true,"href":"https:\/\/www.radioamigavallenar.cl\/index.php?rest_route=%2Fwp%2Fv2%2Fcategories&post=89464"},{"taxonomy":"post_tag","embeddable":true,"href":"https:\/\/www.radioamigavallenar.cl\/index.php?rest_route=%2Fwp%2Fv2%2Ftags&post=89464"}],"curies":[{"name":"wp","href":"https:\/\/api.w.org\/{rel}","templated":true}]}}