{"id":89453,"date":"2025-03-10T11:23:47","date_gmt":"2025-03-10T14:23:47","guid":{"rendered":"https:\/\/www.radioamigavallenar.cl\/?p=89453"},"modified":"2025-03-10T11:23:47","modified_gmt":"2025-03-10T14:23:47","slug":"contraloria-detecta-millonarias-irregularidades-en-capredena-pagos-indebidos-superan-los-18-mil-millones","status":"publish","type":"post","link":"https:\/\/www.radioamigavallenar.cl\/?p=89453","title":{"rendered":"Contralor\u00eda detecta millonarias irregularidades en Capredena: pagos indebidos superan los $18 mil millones"},"content":{"rendered":"<p data-start=\"118\" data-end=\"344\"><strong data-start=\"118\" data-end=\"342\">El organismo fiscalizador identific\u00f3 deficiencias en la gesti\u00f3n financiera de la Caja de Previsi\u00f3n de la Defensa Nacional, incluyendo deudas sin cobrar desde 1995 y fondos no devengados que alcanzan los $18.121 millones.<\/strong><\/p>\n<p data-start=\"346\" data-end=\"587\">La Contralor\u00eda General de la Rep\u00fablica detect\u00f3 graves irregularidades financieras en la Caja de Previsi\u00f3n de la Defensa Nacional (Capredena), acumulando pagos no devengados que suman $18.121.571.645 hasta diciembre de 2023.<\/p>\n<p data-start=\"589\" data-end=\"848\">Seg\u00fan un informe del ente fiscalizador, la entidad no lleva un control detallado de los recursos destinados a su Centro de Salud, generando un saldo de ingresos pendientes de recuperaci\u00f3n por $5.222 millones, sin evidencia de gestiones de cobro.<\/p>\n<p data-start=\"890\" data-end=\"1187\">Uno de los hallazgos m\u00e1s preocupantes del informe es que Capredena mantiene deudas pendientes de cobro por $13.763 millones entre 2019 y 2023, adem\u00e1s de $9.608 millones correspondientes al per\u00edodo 1995-2018, aunque estas \u00faltimas ya estar\u00edan prescritas por el tiempo transcurrido. Adem\u00e1s, el informe se\u00f1ala que la instituci\u00f3n no ha acreditado gestiones de cobro ni cuenta con un an\u00e1lisis que permita determinar con precisi\u00f3n la composici\u00f3n de estas deudas.<\/p>\n<p data-start=\"1418\" data-end=\"1706\">Ante este escenario, Contralor\u00eda instruy\u00f3 a Capredena para que regularice las cifras pendientes, establezca controles financieros m\u00e1s estrictos y formalice un procedimiento disciplinario para esclarecer las responsabilidades administrativas de los funcionarios involucrados.<\/p>\n<p data-start=\"1708\" data-end=\"1939\">El informe tambi\u00e9n exige que la caja previsional implemente un sistema de seguimiento de cobros, a fin de evitar la acumulaci\u00f3n de nuevos montos impagos y fortalecer la transparencia en la gesti\u00f3n de recursos institucionales.<\/p>\n<p data-start=\"1941\" data-end=\"2271\" data-is-last-node=\"\" data-is-only-node=\"\">La auditor\u00eda ha generado preocupaci\u00f3n en diversos sectores, debido a que Capredena es una de las principales instituciones previsionales del pa\u00eds y gestiona pensiones de miles de exuniformados. El impacto de estas irregularidades podr\u00eda traducirse en nuevos procesos de fiscalizaci\u00f3n y eventuales sanciones a los responsables.<\/p>\n","protected":false},"excerpt":{"rendered":"<p>El organismo fiscalizador identific\u00f3 deficiencias en la gesti\u00f3n financiera de la Caja de Previsi\u00f3n de la Defensa Nacional, incluyendo deudas sin cobrar desde 1995 y&hellip; <\/p>\n","protected":false},"author":6,"featured_media":89454,"comment_status":"closed","ping_status":"closed","sticky":false,"template":"","format":"standard","meta":{"footnotes":""},"categories":[37],"tags":[],"class_list":["post-89453","post","type-post","status-publish","format-standard","has-post-thumbnail","hentry","category-nacional"],"_links":{"self":[{"href":"https:\/\/www.radioamigavallenar.cl\/index.php?rest_route=\/wp\/v2\/posts\/89453","targetHints":{"allow":["GET"]}}],"collection":[{"href":"https:\/\/www.radioamigavallenar.cl\/index.php?rest_route=\/wp\/v2\/posts"}],"about":[{"href":"https:\/\/www.radioamigavallenar.cl\/index.php?rest_route=\/wp\/v2\/types\/post"}],"author":[{"embeddable":true,"href":"https:\/\/www.radioamigavallenar.cl\/index.php?rest_route=\/wp\/v2\/users\/6"}],"replies":[{"embeddable":true,"href":"https:\/\/www.radioamigavallenar.cl\/index.php?rest_route=%2Fwp%2Fv2%2Fcomments&post=89453"}],"version-history":[{"count":1,"href":"https:\/\/www.radioamigavallenar.cl\/index.php?rest_route=\/wp\/v2\/posts\/89453\/revisions"}],"predecessor-version":[{"id":89455,"href":"https:\/\/www.radioamigavallenar.cl\/index.php?rest_route=\/wp\/v2\/posts\/89453\/revisions\/89455"}],"wp:featuredmedia":[{"embeddable":true,"href":"https:\/\/www.radioamigavallenar.cl\/index.php?rest_route=\/wp\/v2\/media\/89454"}],"wp:attachment":[{"href":"https:\/\/www.radioamigavallenar.cl\/index.php?rest_route=%2Fwp%2Fv2%2Fmedia&parent=89453"}],"wp:term":[{"taxonomy":"category","embeddable":true,"href":"https:\/\/www.radioamigavallenar.cl\/index.php?rest_route=%2Fwp%2Fv2%2Fcategories&post=89453"},{"taxonomy":"post_tag","embeddable":true,"href":"https:\/\/www.radioamigavallenar.cl\/index.php?rest_route=%2Fwp%2Fv2%2Ftags&post=89453"}],"curies":[{"name":"wp","href":"https:\/\/api.w.org\/{rel}","templated":true}]}}