{"id":88754,"date":"2025-02-06T09:14:17","date_gmt":"2025-02-06T12:14:17","guid":{"rendered":"https:\/\/www.radioamigavallenar.cl\/?p=88754"},"modified":"2025-02-06T09:14:57","modified_gmt":"2025-02-06T12:14:57","slug":"abiertas-postulaciones-al-concurso-de-mejoramiento-de-suelos-agricolas-2025-en-atacama","status":"publish","type":"post","link":"https:\/\/www.radioamigavallenar.cl\/?p=88754","title":{"rendered":"Se encuentran abiertas las postulaciones al concurso de mejoramiento de suelos agr\u00edcolas 2025 en Atacama"},"content":{"rendered":"<p><strong>El programa, impulsado por el SAG, busca fortalecer la sostenibilidad de la agricultura en los valles de Copiap\u00f3 y Huasco con financiamiento para diversas pr\u00e1cticas de conservaci\u00f3n del suelo.<\/strong><\/p>\n<p>El Servicio Agr\u00edcola y Ganadero (SAG) anunci\u00f3 la apertura del concurso de mejoramiento de suelos degradados 2025, dirigido a productores agr\u00edcolas y pecuarios de los valles de Copiap\u00f3 y Huasco. Esta iniciativa busca mantener suelos f\u00e9rtiles y sanos, esenciales para el desarrollo de una agricultura sostenible.<\/p>\n<p>La directora regional (s) del SAG, Carla Montiel Gonz\u00e1lez, destac\u00f3 que este programa financia pr\u00e1cticas clave para la recuperaci\u00f3n del suelo, como la siembra de alfalfa, aplicaci\u00f3n de compost y guano no av\u00edcola, instalaci\u00f3n de cercos intraprediales, nivelaci\u00f3n de terrenos y rotaci\u00f3n de cultivos. Estas acciones permiten mejorar la productividad agr\u00edcola, reducir la erosi\u00f3n y fomentar el uso eficiente de los recursos naturales.<\/p>\n<p>El concurso cuenta con un fondo de $50 millones y estar\u00e1 abierto hasta el 31 de marzo de 2025. Las postulaciones ser\u00e1n evaluadas por un comit\u00e9 especializado, y los resultados preliminares se dar\u00e1n a conocer en mayo.<\/p>\n<p>Montiel hizo un llamado a agricultores y productores pecuarios a postular con el apoyo de operadores acreditados por el SAG, quienes desarrollar\u00e1n un plan de trabajo adaptado a cada caso. Adem\u00e1s, explic\u00f3 que una de las prioridades del programa es beneficiar a productores que no hayan participado anteriormente, promoviendo el acceso equitativo a estos fondos.<\/p>\n<p>Cabe se\u00f1alar que INDAP cuenta con un concurso similar para sus usuarios, mientras que este programa del SAG est\u00e1 dirigido a productores que no sean beneficiarios de INDAP.<\/p>\n<p>Para agricultores pertenecientes a la peque\u00f1a agricultura, el concurso financia hasta el 90% de los costos netos del proyecto. Adem\u00e1s de las pr\u00e1cticas mencionadas, se pueden solicitar recursos para la instalaci\u00f3n de cortinas cortavientos de \u00e1rboles y otras medidas destinadas a la conservaci\u00f3n y recuperaci\u00f3n de suelos.<\/p>\n<p>El SAG invita a los interesados a contactarse con la instituci\u00f3n y con operadores acreditados para iniciar su postulaci\u00f3n, asegurando que este programa representa una oportunidad clave para mejorar la calidad del suelo y la productividad agr\u00edcola en Atacama.<\/p>\n","protected":false},"excerpt":{"rendered":"<p>El programa, impulsado por el SAG, busca fortalecer la sostenibilidad de la agricultura en los valles de Copiap\u00f3 y Huasco con financiamiento para diversas pr\u00e1cticas&hellip; <\/p>\n","protected":false},"author":6,"featured_media":88755,"comment_status":"closed","ping_status":"closed","sticky":false,"template":"","format":"standard","meta":{"footnotes":""},"categories":[38],"tags":[],"class_list":["post-88754","post","type-post","status-publish","format-standard","has-post-thumbnail","hentry","category-portada-regional"],"_links":{"self":[{"href":"https:\/\/www.radioamigavallenar.cl\/index.php?rest_route=\/wp\/v2\/posts\/88754","targetHints":{"allow":["GET"]}}],"collection":[{"href":"https:\/\/www.radioamigavallenar.cl\/index.php?rest_route=\/wp\/v2\/posts"}],"about":[{"href":"https:\/\/www.radioamigavallenar.cl\/index.php?rest_route=\/wp\/v2\/types\/post"}],"author":[{"embeddable":true,"href":"https:\/\/www.radioamigavallenar.cl\/index.php?rest_route=\/wp\/v2\/users\/6"}],"replies":[{"embeddable":true,"href":"https:\/\/www.radioamigavallenar.cl\/index.php?rest_route=%2Fwp%2Fv2%2Fcomments&post=88754"}],"version-history":[{"count":2,"href":"https:\/\/www.radioamigavallenar.cl\/index.php?rest_route=\/wp\/v2\/posts\/88754\/revisions"}],"predecessor-version":[{"id":88757,"href":"https:\/\/www.radioamigavallenar.cl\/index.php?rest_route=\/wp\/v2\/posts\/88754\/revisions\/88757"}],"wp:featuredmedia":[{"embeddable":true,"href":"https:\/\/www.radioamigavallenar.cl\/index.php?rest_route=\/wp\/v2\/media\/88755"}],"wp:attachment":[{"href":"https:\/\/www.radioamigavallenar.cl\/index.php?rest_route=%2Fwp%2Fv2%2Fmedia&parent=88754"}],"wp:term":[{"taxonomy":"category","embeddable":true,"href":"https:\/\/www.radioamigavallenar.cl\/index.php?rest_route=%2Fwp%2Fv2%2Fcategories&post=88754"},{"taxonomy":"post_tag","embeddable":true,"href":"https:\/\/www.radioamigavallenar.cl\/index.php?rest_route=%2Fwp%2Fv2%2Ftags&post=88754"}],"curies":[{"name":"wp","href":"https:\/\/api.w.org\/{rel}","templated":true}]}}