{"id":88748,"date":"2025-02-06T08:52:08","date_gmt":"2025-02-06T11:52:08","guid":{"rendered":"https:\/\/www.radioamigavallenar.cl\/?p=88748"},"modified":"2025-02-06T08:52:08","modified_gmt":"2025-02-06T11:52:08","slug":"sea-atacama-realiza-visita-tecnica-a-proyecto-de-prospeccion-minera-en-chanaral-y-diego-de-almagro","status":"publish","type":"post","link":"https:\/\/www.radioamigavallenar.cl\/?p=88748","title":{"rendered":"SEA Atacama realiza visita t\u00e9cnica a proyecto de prospecci\u00f3n minera en Cha\u00f1aral y Diego de Almagro"},"content":{"rendered":"<p><strong>El proyecto San Pietro, cuya Declaraci\u00f3n de Impacto Ambiental est\u00e1 en evaluaci\u00f3n, contempla 80 plataformas de sondaje en un \u00e1rea previamente intervenida.<\/strong><\/p>\n<p>El Servicio de Evaluaci\u00f3n Ambiental (SEA) de la Regi\u00f3n de Atacama llev\u00f3 a cabo una visita t\u00e9cnica al \u00e1rea de emplazamiento del proyecto de prospecci\u00f3n minera San Pietro, actualmente en proceso de evaluaci\u00f3n ambiental a trav\u00e9s de una Declaraci\u00f3n de Impacto Ambiental (DIA). La iniciativa se ubica en las comunas de Cha\u00f1aral y Diego de Almagro, y tiene como objetivo la ejecuci\u00f3n de actividades de prospecci\u00f3n minera para reducir las incertidumbres geol\u00f3gicas y avanzar en la caracterizaci\u00f3n de concentraciones minerales.<\/p>\n<p>El proyecto contempla la habilitaci\u00f3n de 80 plataformas de sondaje, las cuales ser\u00e1n prospectadas mediante el m\u00e9todo de diamantina, en un \u00e1rea previamente intervenida.<\/p>\n<p>A la visita t\u00e9cnica asistieron representantes de los \u00d3rganos de la Administraci\u00f3n del Estado con Competencia Ambiental (OAECA), quienes forman parte de la evaluaci\u00f3n del proyecto. Tambi\u00e9n participaron un profesional de la Municipalidad de Diego de Almagro, representantes del titular del proyecto y sus asesores t\u00e9cnicos.<\/p>\n<p>El proceso de evaluaci\u00f3n ambiental continuar\u00e1 con el an\u00e1lisis de los antecedentes t\u00e9cnicos y ambientales presentados en la DIA, con el fin de determinar la viabilidad del proyecto y su impacto en el territorio.<\/p>\n","protected":false},"excerpt":{"rendered":"<p>El proyecto San Pietro, cuya Declaraci\u00f3n de Impacto Ambiental est\u00e1 en evaluaci\u00f3n, contempla 80 plataformas de sondaje en un \u00e1rea previamente intervenida. El Servicio de&hellip; <\/p>\n","protected":false},"author":6,"featured_media":88749,"comment_status":"closed","ping_status":"closed","sticky":false,"template":"","format":"standard","meta":{"footnotes":""},"categories":[7],"tags":[],"class_list":["post-88748","post","type-post","status-publish","format-standard","has-post-thumbnail","hentry","category-atacama"],"_links":{"self":[{"href":"https:\/\/www.radioamigavallenar.cl\/index.php?rest_route=\/wp\/v2\/posts\/88748","targetHints":{"allow":["GET"]}}],"collection":[{"href":"https:\/\/www.radioamigavallenar.cl\/index.php?rest_route=\/wp\/v2\/posts"}],"about":[{"href":"https:\/\/www.radioamigavallenar.cl\/index.php?rest_route=\/wp\/v2\/types\/post"}],"author":[{"embeddable":true,"href":"https:\/\/www.radioamigavallenar.cl\/index.php?rest_route=\/wp\/v2\/users\/6"}],"replies":[{"embeddable":true,"href":"https:\/\/www.radioamigavallenar.cl\/index.php?rest_route=%2Fwp%2Fv2%2Fcomments&post=88748"}],"version-history":[{"count":1,"href":"https:\/\/www.radioamigavallenar.cl\/index.php?rest_route=\/wp\/v2\/posts\/88748\/revisions"}],"predecessor-version":[{"id":88750,"href":"https:\/\/www.radioamigavallenar.cl\/index.php?rest_route=\/wp\/v2\/posts\/88748\/revisions\/88750"}],"wp:featuredmedia":[{"embeddable":true,"href":"https:\/\/www.radioamigavallenar.cl\/index.php?rest_route=\/wp\/v2\/media\/88749"}],"wp:attachment":[{"href":"https:\/\/www.radioamigavallenar.cl\/index.php?rest_route=%2Fwp%2Fv2%2Fmedia&parent=88748"}],"wp:term":[{"taxonomy":"category","embeddable":true,"href":"https:\/\/www.radioamigavallenar.cl\/index.php?rest_route=%2Fwp%2Fv2%2Fcategories&post=88748"},{"taxonomy":"post_tag","embeddable":true,"href":"https:\/\/www.radioamigavallenar.cl\/index.php?rest_route=%2Fwp%2Fv2%2Ftags&post=88748"}],"curies":[{"name":"wp","href":"https:\/\/api.w.org\/{rel}","templated":true}]}}