{"id":88737,"date":"2025-02-06T08:28:26","date_gmt":"2025-02-06T11:28:26","guid":{"rendered":"https:\/\/www.radioamigavallenar.cl\/?p=88737"},"modified":"2025-02-06T08:28:26","modified_gmt":"2025-02-06T11:28:26","slug":"destacan-inversion-de-20-millones-en-escuelas-de-verano-en-copiapo-y-vallenar","status":"publish","type":"post","link":"https:\/\/www.radioamigavallenar.cl\/?p=88737","title":{"rendered":"Destacan inversi\u00f3n de $20 millones en Escuelas de Verano en Copiap\u00f3 y Vallenar"},"content":{"rendered":"<p><strong>La iniciativa, financiada por el Ministerio de Desarrollo Social y ejecutada por Junaeb, fortalece la educaci\u00f3n, el deporte y la cultura en ni\u00f1as, ni\u00f1os y adolescentes de la regi\u00f3n.<\/strong><\/p>\n<p>Con un ambiente lleno de deporte, arte y compa\u00f1erismo, la Seremi de Desarrollo Social y Familia, Ver\u00f3nica Rivera Reynoso, visit\u00f3 la Escuela Jes\u00fas Fern\u00e1ndez Hidalgo de Copiap\u00f3, donde constat\u00f3 el impacto positivo de las Escuelas de Verano, parte de la Medida N\u00b04 del Plan Integral para el Bienestar de Ni\u00f1as, Ni\u00f1os y Adolescentes. La iniciativa, que tambi\u00e9n se desarrolla en Vallenar, busca favorecer el desarrollo integral de la infancia y la conciliaci\u00f3n entre la vida familiar y laboral.<\/p>\n<p>Rivera destac\u00f3 que el programa cuenta con una inversi\u00f3n de $20 millones, aportados por el Ministerio de Desarrollo Social y Familia, y que se ejecuta gracias al trabajo conjunto con Junaeb, el Servicio Local de Educaci\u00f3n P\u00fablica (SLEP) Atacama y SLEP Huasco. \u201cNuestro Gobierno est\u00e1 comprometido con generar espacios de aprendizaje, recreaci\u00f3n y formaci\u00f3n para la infancia. Aqu\u00ed vemos a ni\u00f1os y ni\u00f1as de distintos pa\u00edses compartiendo, disfrutando y aprendiendo juntos, fortaleciendo valores como la tolerancia y el respeto\u201d, afirm\u00f3 la Seremi.<\/p>\n<p>Durante la visita, los ni\u00f1os participaron en diversas actividades, como voleibol, f\u00fatbol, teatro, danza y artes pl\u00e1sticas, con la gu\u00eda de monitores y profesores especializados. Joyce Rogers, actriz y profesora de teatro, resalt\u00f3 la importancia de estos espacios en la formaci\u00f3n social y emocional de los participantes. \u201cLos talleres permiten a los ni\u00f1os potenciar sus habilidades sociales, desarrollar su personalidad y generar cohesi\u00f3n social en un ambiente multicultural\u201d, se\u00f1al\u00f3.<\/p>\n<p>Desde el \u00e1rea deportiva, Fernando Meneses, profesor de deportes, destac\u00f3 el inter\u00e9s de los estudiantes en aprender nuevas disciplinas. \u201cEstamos reforzando el f\u00fatbol y explorando el voleibol, para que los ni\u00f1os desarrollen habilidades en este deporte m\u00e1s t\u00e9cnico\u201d, explic\u00f3.<\/p>\n<p>La experiencia de las familias tambi\u00e9n ha sido clave en el \u00e9xito del programa. Sydney Manosalvas, apoderada y persona mayor, expres\u00f3 su gratitud por la iniciativa. \u201cAcompa\u00f1o a mi nieto en esta escuela de verano y me impresiona el compromiso de los profesores. Es una gran inversi\u00f3n del Estado y un espacio que recomiendo a todas las escuelas de Copiap\u00f3\u201d, coment\u00f3.<\/p>\n<p>Las Escuelas de Verano forman parte del Plan Integral \u201cChile Crece M\u00e1s\u201d, un esfuerzo gubernamental orientado a fortalecer la educaci\u00f3n, la recreaci\u00f3n y el bienestar de la infancia en Chile. Con estos espacios, el Ministerio de Desarrollo Social y Familia busca garantizar un acceso equitativo a actividades formativas y recreativas, promoviendo el desarrollo integral de ni\u00f1as, ni\u00f1os y adolescentes.<\/p>\n","protected":false},"excerpt":{"rendered":"<p>La iniciativa, financiada por el Ministerio de Desarrollo Social y ejecutada por Junaeb, fortalece la educaci\u00f3n, el deporte y la cultura en ni\u00f1as, ni\u00f1os y&hellip; <\/p>\n","protected":false},"author":6,"featured_media":88738,"comment_status":"closed","ping_status":"closed","sticky":false,"template":"","format":"standard","meta":{"footnotes":""},"categories":[38],"tags":[],"class_list":["post-88737","post","type-post","status-publish","format-standard","has-post-thumbnail","hentry","category-portada-regional"],"_links":{"self":[{"href":"https:\/\/www.radioamigavallenar.cl\/index.php?rest_route=\/wp\/v2\/posts\/88737","targetHints":{"allow":["GET"]}}],"collection":[{"href":"https:\/\/www.radioamigavallenar.cl\/index.php?rest_route=\/wp\/v2\/posts"}],"about":[{"href":"https:\/\/www.radioamigavallenar.cl\/index.php?rest_route=\/wp\/v2\/types\/post"}],"author":[{"embeddable":true,"href":"https:\/\/www.radioamigavallenar.cl\/index.php?rest_route=\/wp\/v2\/users\/6"}],"replies":[{"embeddable":true,"href":"https:\/\/www.radioamigavallenar.cl\/index.php?rest_route=%2Fwp%2Fv2%2Fcomments&post=88737"}],"version-history":[{"count":1,"href":"https:\/\/www.radioamigavallenar.cl\/index.php?rest_route=\/wp\/v2\/posts\/88737\/revisions"}],"predecessor-version":[{"id":88739,"href":"https:\/\/www.radioamigavallenar.cl\/index.php?rest_route=\/wp\/v2\/posts\/88737\/revisions\/88739"}],"wp:featuredmedia":[{"embeddable":true,"href":"https:\/\/www.radioamigavallenar.cl\/index.php?rest_route=\/wp\/v2\/media\/88738"}],"wp:attachment":[{"href":"https:\/\/www.radioamigavallenar.cl\/index.php?rest_route=%2Fwp%2Fv2%2Fmedia&parent=88737"}],"wp:term":[{"taxonomy":"category","embeddable":true,"href":"https:\/\/www.radioamigavallenar.cl\/index.php?rest_route=%2Fwp%2Fv2%2Fcategories&post=88737"},{"taxonomy":"post_tag","embeddable":true,"href":"https:\/\/www.radioamigavallenar.cl\/index.php?rest_route=%2Fwp%2Fv2%2Ftags&post=88737"}],"curies":[{"name":"wp","href":"https:\/\/api.w.org\/{rel}","templated":true}]}}