{"id":88702,"date":"2025-02-05T08:39:32","date_gmt":"2025-02-05T11:39:32","guid":{"rendered":"https:\/\/www.radioamigavallenar.cl\/?p=88702"},"modified":"2025-02-05T08:39:32","modified_gmt":"2025-02-05T11:39:32","slug":"chanaral-de-aceituno-certifica-a-los-primeros-centinelas-del-mar-de-atacama","status":"publish","type":"post","link":"https:\/\/www.radioamigavallenar.cl\/?p=88702","title":{"rendered":"Cha\u00f1aral de Aceituno certifica a los primeros \u201cCentinelas del Mar\u201d de Atacama"},"content":{"rendered":"<p><strong>Treinta y cinco operadores tur\u00edsticos fueron capacitados para contribuir a la protecci\u00f3n y conservaci\u00f3n de la biodiversidad marina en la Reserva Marina Isla Cha\u00f1aral.<\/strong><\/p>\n<p>Un grupo de 35 operadores tur\u00edsticos de Cha\u00f1aral de Aceituno se convirti\u00f3 en el primero de la Regi\u00f3n de Atacama en ser certificado como \u00abCentinelas del Mar\u00bb, un programa impulsado por el Servicio Nacional de Pesca y Acuicultura (Sernapesca) que promueve la participaci\u00f3n ciudadana en la protecci\u00f3n de los ecosistemas marinos y la sustentabilidad de los recursos hidrobiol\u00f3gicos.<\/p>\n<p>La ceremonia de certificaci\u00f3n fue encabezada por la Directora Nacional de Sernapesca, Soledad Tapia Almonacid, y el Director Regional (S) del servicio en Atacama, Claudio Ram\u00edrez, quien destac\u00f3 la importancia de este hito para la regi\u00f3n. \u00abHay una sensaci\u00f3n de orgullo al certificar en la regi\u00f3n al primer grupo de personas que colaborar\u00e1n en nuestra funci\u00f3n como \u2018Centinelas del Mar\u2019. Estas capacitaciones son fundamentales, sobre todo en un sector clave para la sustentabilidad como lo es la Reserva Marina Isla Cha\u00f1aral\u00bb, afirm\u00f3.<\/p>\n<audio class=\"wp-audio-shortcode\" id=\"audio-88702-1\" preload=\"none\" style=\"width: 100%;\" controls=\"controls\"><source type=\"audio\/mpeg\" src=\"https:\/\/www.radioamigavallenar.cl\/wp-content\/uploads\/2025\/02\/CU-Claudio-Ramirez-x-Certificacion-Centinelas-del-Mar-Atacama.mp3?_=1\" \/><a href=\"https:\/\/www.radioamigavallenar.cl\/wp-content\/uploads\/2025\/02\/CU-Claudio-Ramirez-x-Certificacion-Centinelas-del-Mar-Atacama.mp3\">https:\/\/www.radioamigavallenar.cl\/wp-content\/uploads\/2025\/02\/CU-Claudio-Ramirez-x-Certificacion-Centinelas-del-Mar-Atacama.mp3<\/a><\/audio>\n<p>El programa capacita a la comunidad para actuar en situaciones de varamientos de fauna marina, delimitando las \u00e1reas afectadas hasta la llegada de los equipos especializados de Sernapesca o de otras instituciones. \u00abBuscamos traspasar competencias a la ciudadan\u00eda para fortalecer la conservaci\u00f3n del espacio marino junto a la sociedad civil\u00bb, agreg\u00f3 Ram\u00edrez.<\/p>\n<p>Esta certificaci\u00f3n se suma a otras iniciativas de formaci\u00f3n y reconocimiento en distintas regiones del pa\u00eds, dirigidas a personas, instituciones y organizaciones ciudadanas comprometidas con el cuidado del medio ambiente y la fauna marina.<\/p>\n<p>Las personas interesadas en formar parte del programa \u00abCentinelas del Mar\u00bb pueden inscribirse escribiendo al correo electr\u00f3nico <a rel=\"noopener\">centinelas@sernapesca.cl<\/a>.<\/p>\n","protected":false},"excerpt":{"rendered":"<p>Treinta y cinco operadores tur\u00edsticos fueron capacitados para contribuir a la protecci\u00f3n y conservaci\u00f3n de la biodiversidad marina en la Reserva Marina Isla Cha\u00f1aral. Un&hellip; <\/p>\n","protected":false},"author":6,"featured_media":88704,"comment_status":"closed","ping_status":"closed","sticky":false,"template":"","format":"standard","meta":{"footnotes":""},"categories":[38],"tags":[],"class_list":["post-88702","post","type-post","status-publish","format-standard","has-post-thumbnail","hentry","category-portada-regional"],"_links":{"self":[{"href":"https:\/\/www.radioamigavallenar.cl\/index.php?rest_route=\/wp\/v2\/posts\/88702","targetHints":{"allow":["GET"]}}],"collection":[{"href":"https:\/\/www.radioamigavallenar.cl\/index.php?rest_route=\/wp\/v2\/posts"}],"about":[{"href":"https:\/\/www.radioamigavallenar.cl\/index.php?rest_route=\/wp\/v2\/types\/post"}],"author":[{"embeddable":true,"href":"https:\/\/www.radioamigavallenar.cl\/index.php?rest_route=\/wp\/v2\/users\/6"}],"replies":[{"embeddable":true,"href":"https:\/\/www.radioamigavallenar.cl\/index.php?rest_route=%2Fwp%2Fv2%2Fcomments&post=88702"}],"version-history":[{"count":1,"href":"https:\/\/www.radioamigavallenar.cl\/index.php?rest_route=\/wp\/v2\/posts\/88702\/revisions"}],"predecessor-version":[{"id":88705,"href":"https:\/\/www.radioamigavallenar.cl\/index.php?rest_route=\/wp\/v2\/posts\/88702\/revisions\/88705"}],"wp:featuredmedia":[{"embeddable":true,"href":"https:\/\/www.radioamigavallenar.cl\/index.php?rest_route=\/wp\/v2\/media\/88704"}],"wp:attachment":[{"href":"https:\/\/www.radioamigavallenar.cl\/index.php?rest_route=%2Fwp%2Fv2%2Fmedia&parent=88702"}],"wp:term":[{"taxonomy":"category","embeddable":true,"href":"https:\/\/www.radioamigavallenar.cl\/index.php?rest_route=%2Fwp%2Fv2%2Fcategories&post=88702"},{"taxonomy":"post_tag","embeddable":true,"href":"https:\/\/www.radioamigavallenar.cl\/index.php?rest_route=%2Fwp%2Fv2%2Ftags&post=88702"}],"curies":[{"name":"wp","href":"https:\/\/api.w.org\/{rel}","templated":true}]}}