{"id":88693,"date":"2025-02-05T08:00:27","date_gmt":"2025-02-05T11:00:27","guid":{"rendered":"https:\/\/www.radioamigavallenar.cl\/?p=88693"},"modified":"2025-02-05T08:00:27","modified_gmt":"2025-02-05T11:00:27","slug":"lanzan-concurso-de-fotografia-en-atacama-para-celebrar-el-mes-de-los-humedales","status":"publish","type":"post","link":"https:\/\/www.radioamigavallenar.cl\/?p=88693","title":{"rendered":"Lanzan concurso de fotograf\u00eda en Atacama para celebrar el Mes de los Humedales"},"content":{"rendered":"<p><strong>La iniciativa busca promover la valoraci\u00f3n y protecci\u00f3n de estos ecosistemas a trav\u00e9s de im\u00e1genes capturadas por la comunidad.<\/strong><\/p>\n<p>En el marco del D\u00eda Mundial de los Humedales, celebrado cada 2 de febrero, la Seremi del Medio Ambiente de Atacama lanz\u00f3 el concurso de fotograf\u00eda \u201cNuestros Humedales, Espacios de Vida de Atacama\u201d, con el objetivo de acercar a la comunidad a estos valiosos ecosistemas y fomentar su protecci\u00f3n.<\/p>\n<p>La Seremi (S) de Medio Ambiente, Yenny Valenzuela, destac\u00f3 la importancia de esta iniciativa, se\u00f1alando que \u201ceste concurso es una oportunidad para que las personas descubran los humedales que los rodean y se conviertan en actores activos en su protecci\u00f3n, fomentando una cultura de cuidado ambiental\u201d.<\/p>\n<p>El concurso est\u00e1 abierto a toda la comunidad sin l\u00edmite de edad, con el requisito de residir en la Regi\u00f3n de Atacama. Las fotograf\u00edas deben capturar paisajes o especies nativas de humedales de la regi\u00f3n y no pueden ser editadas digitalmente.<\/p>\n<p>Las im\u00e1genes deben enviarse antes del viernes 21 de febrero a las 18:00 hrs. a trav\u00e9s del formulario disponible en <a href=\"https:\/\/forms.gle\/3wSLJePhTAByiE836\" target=\"_new\" rel=\"noopener\">forms.gle\/3wSLJePhTAByiE836<\/a>. Cada participante puede enviar solo una fotograf\u00eda, junto con su nombre completo, n\u00famero de c\u00e9dula de identidad y una breve descripci\u00f3n indicando si la imagen corresponde a un paisaje o a una especie nativa, adem\u00e1s del lugar donde fue tomada.<\/p>\n<p>El concurso contar\u00e1 con dos categor\u00edas. En la Categor\u00eda Infanto-Juvenil, los premios incluyen accesorios con tem\u00e1tica de aves de humedales y libros sobre biodiversidad de Atacama. En la Categor\u00eda Adultos, se premiar\u00e1 con accesorios, libros sobre biodiversidad y sets de libros de Atacama.<\/p>\n<p>Las fotograf\u00edas ser\u00e1n evaluadas seg\u00fan su nitidez, originalidad, impacto visual y relaci\u00f3n con la tem\u00e1tica de los humedales. Desde la Seremi del Medio Ambiente invitan a la comunidad a participar y contribuir con la difusi\u00f3n de estos ecosistemas. \u00abLos humedales son clave para la biodiversidad de nuestra regi\u00f3n. A trav\u00e9s de la fotograf\u00eda, queremos generar conciencia sobre su importancia y la necesidad de protegerlos\u00bb, enfatiz\u00f3 Valenzuela.<\/p>\n<p>Para m\u00e1s informaci\u00f3n y postulaci\u00f3n, visita <a href=\"https:\/\/forms.gle\/3wSLJePhTAByiE836\" target=\"_new\" rel=\"noopener\">forms.gle\/3wSLJePhTAByiE836<\/a>.<\/p>\n","protected":false},"excerpt":{"rendered":"<p>La iniciativa busca promover la valoraci\u00f3n y protecci\u00f3n de estos ecosistemas a trav\u00e9s de im\u00e1genes capturadas por la comunidad. En el marco del D\u00eda Mundial&hellip; <\/p>\n","protected":false},"author":6,"featured_media":88694,"comment_status":"closed","ping_status":"closed","sticky":false,"template":"","format":"standard","meta":{"footnotes":""},"categories":[7],"tags":[],"class_list":["post-88693","post","type-post","status-publish","format-standard","has-post-thumbnail","hentry","category-atacama"],"_links":{"self":[{"href":"https:\/\/www.radioamigavallenar.cl\/index.php?rest_route=\/wp\/v2\/posts\/88693","targetHints":{"allow":["GET"]}}],"collection":[{"href":"https:\/\/www.radioamigavallenar.cl\/index.php?rest_route=\/wp\/v2\/posts"}],"about":[{"href":"https:\/\/www.radioamigavallenar.cl\/index.php?rest_route=\/wp\/v2\/types\/post"}],"author":[{"embeddable":true,"href":"https:\/\/www.radioamigavallenar.cl\/index.php?rest_route=\/wp\/v2\/users\/6"}],"replies":[{"embeddable":true,"href":"https:\/\/www.radioamigavallenar.cl\/index.php?rest_route=%2Fwp%2Fv2%2Fcomments&post=88693"}],"version-history":[{"count":1,"href":"https:\/\/www.radioamigavallenar.cl\/index.php?rest_route=\/wp\/v2\/posts\/88693\/revisions"}],"predecessor-version":[{"id":88695,"href":"https:\/\/www.radioamigavallenar.cl\/index.php?rest_route=\/wp\/v2\/posts\/88693\/revisions\/88695"}],"wp:featuredmedia":[{"embeddable":true,"href":"https:\/\/www.radioamigavallenar.cl\/index.php?rest_route=\/wp\/v2\/media\/88694"}],"wp:attachment":[{"href":"https:\/\/www.radioamigavallenar.cl\/index.php?rest_route=%2Fwp%2Fv2%2Fmedia&parent=88693"}],"wp:term":[{"taxonomy":"category","embeddable":true,"href":"https:\/\/www.radioamigavallenar.cl\/index.php?rest_route=%2Fwp%2Fv2%2Fcategories&post=88693"},{"taxonomy":"post_tag","embeddable":true,"href":"https:\/\/www.radioamigavallenar.cl\/index.php?rest_route=%2Fwp%2Fv2%2Ftags&post=88693"}],"curies":[{"name":"wp","href":"https:\/\/api.w.org\/{rel}","templated":true}]}}