{"id":88684,"date":"2025-02-04T08:15:34","date_gmt":"2025-02-04T11:15:34","guid":{"rendered":"https:\/\/www.radioamigavallenar.cl\/?p=88684"},"modified":"2025-02-04T08:15:34","modified_gmt":"2025-02-04T11:15:34","slug":"buscan-a-joven-de-17-anos-desaparecido-tras-viajar-desde-la-araucania-a-vallenar","status":"publish","type":"post","link":"https:\/\/www.radioamigavallenar.cl\/?p=88684","title":{"rendered":"Buscan a joven de 17 a\u00f1os desaparecido tras viajar desde La Araucan\u00eda a Vallenar"},"content":{"rendered":"<p><strong>Jaime Alexis Acu\u00f1a Espinoza tom\u00f3 un bus desde Curacaut\u00edn el 30 de enero y se le perdi\u00f3 el rastro en Vallenar. Su familia y la PDI trabajan en su b\u00fasqueda.<\/strong><\/p>\n<p>Una intensa b\u00fasqueda se lleva a cabo para dar con el paradero de Jaime Alexis Acu\u00f1a Espinoza, un joven de 17 a\u00f1os desaparecido desde el pasado jueves 30 de enero. El adolescente sali\u00f3 en bus desde Curacaut\u00edn, en la Regi\u00f3n de La Araucan\u00eda, y tras varios trasbordos, su rastro se perdi\u00f3 en Vallenar, Regi\u00f3n de Atacama.<\/p>\n<p>De acuerdo con los primeros antecedentes, Jaime abord\u00f3 un bus con destino a Santiago a las 20:30 horas del jueves, luego de terminar su jornada laboral. Posteriormente, viaj\u00f3 a La Serena y desde all\u00ed tom\u00f3 otro bus rumbo a Vallenar, seg\u00fan relat\u00f3 su madre, Karen Espinoza, a trav\u00e9s de redes sociales.<\/p>\n<p>La \u00faltima vez que se tuvo contacto con \u00e9l fue a trav\u00e9s de una amiga, a quien inform\u00f3 que hab\u00eda llegado a Vallenar y se encontraba con una persona, sin dar m\u00e1s detalles sobre su identidad. Desde entonces, su tel\u00e9fono permanece apagado y no ha respondido llamadas ni mensajes.<\/p>\n<p>A trav\u00e9s de su cuenta de Facebook, la madre del joven hizo un desesperado llamado a la comunidad para difundir su desaparici\u00f3n y aportar cualquier informaci\u00f3n que ayude a encontrarlo. \u00abNo responde llamadas ni mensajes, por favor difundir urgente. No s\u00e9 qu\u00e9 pas\u00f3 por su cabeza de irse tan lejos por alguien que solo conoc\u00eda por Instagram, esa persona es de Vallenar\u00bb, expres\u00f3.<\/p>\n<p>Adem\u00e1s, reiter\u00f3 su llamado a Jaime para que regrese a casa. \u00abLo esperamos con los brazos abiertos, apoy\u00e1ndolo como familia en todo\u2026 Vuelve, hijo m\u00edo, te espero. La vida no es nada sin ti\u00bb, escribi\u00f3.<\/p>\n<p>La Brigada de Homicidios de la PDI de Temuco est\u00e1 a cargo de la investigaci\u00f3n y trabaja para determinar su paradero. \u00abSi bien se manejan algunos antecedentes, preferimos corroborar la informaci\u00f3n antes de emitir un comunicado oficial a la Fiscal\u00eda\u00bb, inform\u00f3 el subprefecto Roberto Barrientos, jefe de la unidad.<\/p>\n<p>Jaime mide 1,65 metros, tiene pelo casta\u00f1o, tez blanca y cicatrices de espinillas. Al momento de su desaparici\u00f3n vest\u00eda pantal\u00f3n negro, zapatillas negras con rojo, polera negra, poler\u00f3n negro y llevaba una mochila verde oscuro y lentes \u00f3pticos.<\/p>\n<p>Cualquier informaci\u00f3n que ayude a dar con su paradero puede ser entregada a su familia al n\u00famero +56 9 8858 3525 o informada directamente a Carabineros.<\/p>\n","protected":false},"excerpt":{"rendered":"<p>Jaime Alexis Acu\u00f1a Espinoza tom\u00f3 un bus desde Curacaut\u00edn el 30 de enero y se le perdi\u00f3 el rastro en Vallenar. Su familia y la&hellip; <\/p>\n","protected":false},"author":6,"featured_media":88685,"comment_status":"closed","ping_status":"closed","sticky":false,"template":"","format":"standard","meta":{"footnotes":""},"categories":[38],"tags":[],"class_list":["post-88684","post","type-post","status-publish","format-standard","has-post-thumbnail","hentry","category-portada-regional"],"_links":{"self":[{"href":"https:\/\/www.radioamigavallenar.cl\/index.php?rest_route=\/wp\/v2\/posts\/88684","targetHints":{"allow":["GET"]}}],"collection":[{"href":"https:\/\/www.radioamigavallenar.cl\/index.php?rest_route=\/wp\/v2\/posts"}],"about":[{"href":"https:\/\/www.radioamigavallenar.cl\/index.php?rest_route=\/wp\/v2\/types\/post"}],"author":[{"embeddable":true,"href":"https:\/\/www.radioamigavallenar.cl\/index.php?rest_route=\/wp\/v2\/users\/6"}],"replies":[{"embeddable":true,"href":"https:\/\/www.radioamigavallenar.cl\/index.php?rest_route=%2Fwp%2Fv2%2Fcomments&post=88684"}],"version-history":[{"count":1,"href":"https:\/\/www.radioamigavallenar.cl\/index.php?rest_route=\/wp\/v2\/posts\/88684\/revisions"}],"predecessor-version":[{"id":88686,"href":"https:\/\/www.radioamigavallenar.cl\/index.php?rest_route=\/wp\/v2\/posts\/88684\/revisions\/88686"}],"wp:featuredmedia":[{"embeddable":true,"href":"https:\/\/www.radioamigavallenar.cl\/index.php?rest_route=\/wp\/v2\/media\/88685"}],"wp:attachment":[{"href":"https:\/\/www.radioamigavallenar.cl\/index.php?rest_route=%2Fwp%2Fv2%2Fmedia&parent=88684"}],"wp:term":[{"taxonomy":"category","embeddable":true,"href":"https:\/\/www.radioamigavallenar.cl\/index.php?rest_route=%2Fwp%2Fv2%2Fcategories&post=88684"},{"taxonomy":"post_tag","embeddable":true,"href":"https:\/\/www.radioamigavallenar.cl\/index.php?rest_route=%2Fwp%2Fv2%2Ftags&post=88684"}],"curies":[{"name":"wp","href":"https:\/\/api.w.org\/{rel}","templated":true}]}}