{"id":88669,"date":"2025-02-04T07:25:33","date_gmt":"2025-02-04T10:25:33","guid":{"rendered":"https:\/\/www.radioamigavallenar.cl\/?p=88669"},"modified":"2025-02-04T07:25:33","modified_gmt":"2025-02-04T10:25:33","slug":"pdi-atacama-detiene-a-mujer-por-ingreso-de-droga-al-centro-de-detencion-preventiva-de-vallenar","status":"publish","type":"post","link":"https:\/\/www.radioamigavallenar.cl\/?p=88669","title":{"rendered":"PDI Atacama detiene a mujer por ingreso de droga al Centro de Detenci\u00f3n Preventiva de Vallenar"},"content":{"rendered":"<p><strong>La imputada, de 22 a\u00f1os, intent\u00f3 ingresar ketamina al recinto penitenciario y qued\u00f3 con la medida cautelar de arraigo nacional.<\/strong><\/p>\n<p>Detectives del Grupo Investigativo Modelo Territorial Cero (MT-0) de la Polic\u00eda de Investigaciones (PDI) de Vallenar llevaron a cabo un operativo que permiti\u00f3 la detenci\u00f3n de una mujer por tr\u00e1fico de drogas en peque\u00f1as cantidades. La imputada fue sorprendida intentando ingresar sustancias il\u00edcitas al Centro de Detenci\u00f3n Preventiva de la comuna.<\/p>\n<p>El procedimiento se inici\u00f3 tras una coordinaci\u00f3n con el Ministerio P\u00fablico, luego de que personal de Gendarmer\u00eda de Chile detectara una sustancia sospechosa en las pertenencias de la mujer durante un control de ingreso al penal. Ante esta situaci\u00f3n, se activ\u00f3 la intervenci\u00f3n policial para esclarecer la naturaleza de la sustancia incautada.<\/p>\n<p>\u201cOficiales policiales del Grupo Investigativo MT-0 concurrieron al Centro de Detenci\u00f3n Preventiva de Vallenar tras coordinaci\u00f3n con el Ministerio P\u00fablico, debido al hallazgo de una sustancia que presumiblemente ser\u00eda droga. Se llevaron a cabo diligencias investigativas en el lugar, enfocadas en un trabajo cient\u00edfico y t\u00e9cnico, que permitieron establecer que la sustancia correspond\u00eda a ketamina. Por ello, se procedi\u00f3 a la detenci\u00f3n en flagrancia de la imputada por el delito de microtr\u00e1fico de drogas\u201d, explic\u00f3 el subprefecto Armando Mart\u00ednez, jefe subrogante de la Brigada de Investigaci\u00f3n Criminal de la PDI Vallenar.<\/p>\n<p>Tras la detenci\u00f3n, la imputada, de nacionalidad chilena y 22 a\u00f1os de edad, fue puesta a disposici\u00f3n del Juzgado de Garant\u00eda de Vallenar, donde el Ministerio P\u00fablico formaliz\u00f3 la investigaci\u00f3n en su contra. Durante la audiencia, el tribunal decret\u00f3 la medida cautelar de arraigo nacional, quedando la joven con prohibici\u00f3n de salir del pa\u00eds mientras dure la investigaci\u00f3n.<\/p>\n","protected":false},"excerpt":{"rendered":"<p>La imputada, de 22 a\u00f1os, intent\u00f3 ingresar ketamina al recinto penitenciario y qued\u00f3 con la medida cautelar de arraigo nacional. Detectives del Grupo Investigativo Modelo&hellip; <\/p>\n","protected":false},"author":6,"featured_media":74996,"comment_status":"closed","ping_status":"closed","sticky":false,"template":"","format":"standard","meta":{"footnotes":""},"categories":[38],"tags":[],"class_list":["post-88669","post","type-post","status-publish","format-standard","has-post-thumbnail","hentry","category-portada-regional"],"_links":{"self":[{"href":"https:\/\/www.radioamigavallenar.cl\/index.php?rest_route=\/wp\/v2\/posts\/88669","targetHints":{"allow":["GET"]}}],"collection":[{"href":"https:\/\/www.radioamigavallenar.cl\/index.php?rest_route=\/wp\/v2\/posts"}],"about":[{"href":"https:\/\/www.radioamigavallenar.cl\/index.php?rest_route=\/wp\/v2\/types\/post"}],"author":[{"embeddable":true,"href":"https:\/\/www.radioamigavallenar.cl\/index.php?rest_route=\/wp\/v2\/users\/6"}],"replies":[{"embeddable":true,"href":"https:\/\/www.radioamigavallenar.cl\/index.php?rest_route=%2Fwp%2Fv2%2Fcomments&post=88669"}],"version-history":[{"count":1,"href":"https:\/\/www.radioamigavallenar.cl\/index.php?rest_route=\/wp\/v2\/posts\/88669\/revisions"}],"predecessor-version":[{"id":88670,"href":"https:\/\/www.radioamigavallenar.cl\/index.php?rest_route=\/wp\/v2\/posts\/88669\/revisions\/88670"}],"wp:featuredmedia":[{"embeddable":true,"href":"https:\/\/www.radioamigavallenar.cl\/index.php?rest_route=\/wp\/v2\/media\/74996"}],"wp:attachment":[{"href":"https:\/\/www.radioamigavallenar.cl\/index.php?rest_route=%2Fwp%2Fv2%2Fmedia&parent=88669"}],"wp:term":[{"taxonomy":"category","embeddable":true,"href":"https:\/\/www.radioamigavallenar.cl\/index.php?rest_route=%2Fwp%2Fv2%2Fcategories&post=88669"},{"taxonomy":"post_tag","embeddable":true,"href":"https:\/\/www.radioamigavallenar.cl\/index.php?rest_route=%2Fwp%2Fv2%2Ftags&post=88669"}],"curies":[{"name":"wp","href":"https:\/\/api.w.org\/{rel}","templated":true}]}}