{"id":88661,"date":"2025-02-03T09:34:42","date_gmt":"2025-02-03T12:34:42","guid":{"rendered":"https:\/\/www.radioamigavallenar.cl\/?p=88661"},"modified":"2025-02-03T09:34:42","modified_gmt":"2025-02-03T12:34:42","slug":"desbaratan-banda-que-trasladaba-droga-desde-atacama-para-su-venta-y-distribucion-en-puerto-montt","status":"publish","type":"post","link":"https:\/\/www.radioamigavallenar.cl\/?p=88661","title":{"rendered":"Desbaratan banda que trasladaba droga desde Atacama para su venta y distribuci\u00f3n en Puerto Montt"},"content":{"rendered":"<div class=\"flex-shrink-0 flex flex-col relative items-end\">\n<div>\n<div class=\"pt-0\">\n<div class=\"gizmo-bot-avatar flex h-8 w-8 items-center justify-center overflow-hidden rounded-full\"><\/div>\n<\/div>\n<\/div>\n<\/div>\n<div class=\"group\/conversation-turn relative flex w-full min-w-0 flex-col agent-turn\">\n<div class=\"flex-col gap-1 md:gap-3\">\n<div class=\"flex max-w-full flex-col flex-grow\">\n<div class=\"min-h-8 text-message flex w-full flex-col items-end gap-2 whitespace-normal break-words text-start [.text-message+&amp;]:mt-5\" dir=\"auto\" data-message-author-role=\"assistant\" data-message-id=\"f691ed7a-7f91-43c1-9ae8-8c07de02719a\" data-message-model-slug=\"gpt-4o\">\n<div class=\"flex w-full flex-col gap-1 empty:hidden first:pt-[3px]\">\n<div class=\"markdown prose w-full break-words dark:prose-invert light\">\n<p><strong>El operativo policial comenz\u00f3 con un control carretero en Cha\u00f1aral, donde Carabineros incaut\u00f3 69 kilos de marihuana. La investigaci\u00f3n permiti\u00f3 la detenci\u00f3n de siete personas vinculadas a la red delictual.<\/strong><\/p>\n<p>En un operativo coordinado entre Carabineros y la Fiscal\u00eda, se logr\u00f3 desarticular una banda criminal dedicada al tr\u00e1fico de drogas, la cual transportaba marihuana desde el norte del pa\u00eds para su comercializaci\u00f3n y distribuci\u00f3n en la ciudad de Puerto Montt.<\/p>\n<p>El caso se inici\u00f3 tras un control carretero realizado en Cha\u00f1aral, donde funcionarios policiales, con el apoyo de un can detector de drogas del OS7, inspeccionaron dos autom\u00f3viles que se dirig\u00edan hacia el sur. En el procedimiento, se encontraron 69 kilos de marihuana ocultos en los veh\u00edculos.<\/p>\n<p>El hallazgo permiti\u00f3 cruzar informaci\u00f3n con una investigaci\u00f3n en curso liderada por la Fiscal\u00eda de Puerto Montt, lo que deriv\u00f3 en un allanamiento simult\u00e1neo en siete domicilios de distintos sectores de la capital de la regi\u00f3n de Los Lagos. Como resultado, cuatro personas fueron detenidas, todas vinculadas directamente con los ocupantes de los autom\u00f3viles interceptados en el norte.<\/p>\n<p>El fiscal Joaqu\u00edn Mu\u00f1oz confirm\u00f3 el v\u00ednculo entre los detenidos en ambas regiones. \u201cCarabineros detuvo a tres personas en Cha\u00f1aral que transportaban 69 kilos de marihuana. Las diligencias permitieron determinar que estos individuos hab\u00edan viajado desde Puerto Montt, siendo parte de esta asociaci\u00f3n criminal, con el objetivo de trasladar la droga hasta la comuna\u201d, explic\u00f3.<\/p>\n<p>Tras el operativo, los tres detenidos en Atacama y los cuatro capturados en Puerto Montt quedaron en prisi\u00f3n preventiva mientras se desarrolla la investigaci\u00f3n.<\/p>\n<p>Por su parte, la Fiscal\u00eda determin\u00f3 que todas las indagatorias se agrupar\u00e1n en la regi\u00f3n de Los Lagos, dado que los puntos de venta y distribuci\u00f3n de la droga estaban localizados en distintos sectores de la capital regional.<\/p>\n<\/div>\n<\/div>\n<\/div>\n<\/div>\n<\/div>\n<\/div>\n","protected":false},"excerpt":{"rendered":"<p>El operativo policial comenz\u00f3 con un control carretero en Cha\u00f1aral, donde Carabineros incaut\u00f3 69 kilos de marihuana. La investigaci\u00f3n permiti\u00f3 la detenci\u00f3n de siete personas&hellip; <\/p>\n","protected":false},"author":6,"featured_media":83048,"comment_status":"closed","ping_status":"closed","sticky":false,"template":"","format":"standard","meta":{"footnotes":""},"categories":[7],"tags":[],"class_list":["post-88661","post","type-post","status-publish","format-standard","has-post-thumbnail","hentry","category-atacama"],"_links":{"self":[{"href":"https:\/\/www.radioamigavallenar.cl\/index.php?rest_route=\/wp\/v2\/posts\/88661","targetHints":{"allow":["GET"]}}],"collection":[{"href":"https:\/\/www.radioamigavallenar.cl\/index.php?rest_route=\/wp\/v2\/posts"}],"about":[{"href":"https:\/\/www.radioamigavallenar.cl\/index.php?rest_route=\/wp\/v2\/types\/post"}],"author":[{"embeddable":true,"href":"https:\/\/www.radioamigavallenar.cl\/index.php?rest_route=\/wp\/v2\/users\/6"}],"replies":[{"embeddable":true,"href":"https:\/\/www.radioamigavallenar.cl\/index.php?rest_route=%2Fwp%2Fv2%2Fcomments&post=88661"}],"version-history":[{"count":1,"href":"https:\/\/www.radioamigavallenar.cl\/index.php?rest_route=\/wp\/v2\/posts\/88661\/revisions"}],"predecessor-version":[{"id":88662,"href":"https:\/\/www.radioamigavallenar.cl\/index.php?rest_route=\/wp\/v2\/posts\/88661\/revisions\/88662"}],"wp:featuredmedia":[{"embeddable":true,"href":"https:\/\/www.radioamigavallenar.cl\/index.php?rest_route=\/wp\/v2\/media\/83048"}],"wp:attachment":[{"href":"https:\/\/www.radioamigavallenar.cl\/index.php?rest_route=%2Fwp%2Fv2%2Fmedia&parent=88661"}],"wp:term":[{"taxonomy":"category","embeddable":true,"href":"https:\/\/www.radioamigavallenar.cl\/index.php?rest_route=%2Fwp%2Fv2%2Fcategories&post=88661"},{"taxonomy":"post_tag","embeddable":true,"href":"https:\/\/www.radioamigavallenar.cl\/index.php?rest_route=%2Fwp%2Fv2%2Ftags&post=88661"}],"curies":[{"name":"wp","href":"https:\/\/api.w.org\/{rel}","templated":true}]}}