{"id":88658,"date":"2025-02-03T09:03:24","date_gmt":"2025-02-03T12:03:24","guid":{"rendered":"https:\/\/www.radioamigavallenar.cl\/?p=88658"},"modified":"2025-02-03T09:04:16","modified_gmt":"2025-02-03T12:04:16","slug":"apihuasco-y-fia-impulsan-el-segundo-ano-del-programa-de-innovacion-para-cooperativas-agroalimentarias-en-atacama","status":"publish","type":"post","link":"https:\/\/www.radioamigavallenar.cl\/?p=88658","title":{"rendered":"ApiHuasco y FIA impulsan el segundo a\u00f1o del programa de innovaci\u00f3n para cooperativas agroalimentarias en Atacama"},"content":{"rendered":"<p><strong>La iniciativa AgrocoopInnova busca fortalecer la producci\u00f3n ap\u00edcola en la regi\u00f3n, promoviendo la innovaci\u00f3n y el desarrollo sostenible. ApiHuasco se posiciona como un referente en la industria, con el respaldo del Ministerio de Agricultura y la Fundaci\u00f3n para la Innovaci\u00f3n Agraria.<\/strong><\/p>\n<p>Con la presencia de la totalidad de los socios de la cooperativa ApiHuasco, el secretario regional ministerial de Agricultura, Cristi\u00e1n Cort\u00e9s Olivares, la representante regional de la Fundaci\u00f3n para la Innovaci\u00f3n Agraria (FIA), Wanda Garc\u00eda Olivares, y profesionales de la entidad que ejecutar\u00e1 el proyecto, se dio inicio al segundo a\u00f1o de trabajo del programa de Desarrollo e Innovaci\u00f3n para Cooperativas Agroalimentarias Sostenibles, AgrocoopInnova.<\/p>\n<p>Este programa busca fortalecer el trabajo de las cooperativas agroalimentarias en Chile, promoviendo el desarrollo sostenible y la innovaci\u00f3n en sus procesos productivos. En el caso de ApiHuasco, la iniciativa permitir\u00e1 optimizar la producci\u00f3n de miel en el valle del Huasco, una actividad que ha mostrado un crecimiento significativo en la regi\u00f3n.<\/p>\n<p>Para el secretario regional ministerial de Agricultura, Cristi\u00e1n Cort\u00e9s Olivares, este programa es una pieza clave dentro de la pol\u00edtica rural del presidente Gabriel Boric, ya que \u00abagrega valor e innovaci\u00f3n no solo a productos, sino tambi\u00e9n a los procesos. ApiHuasco es una agrupaci\u00f3n que pertenece a nuestra mesa ap\u00edcola y la hemos visto crecer a punta de esfuerzo y trabajo. Estamos seguros de que ser\u00e1n los principales exportadores de miel de Atacama\u00bb.<\/p>\n<p>En este sentido, el presidente de ApiHuasco, Yahir Rojas Godoy, destac\u00f3 la importancia de comenzar una nueva etapa en este proceso de fortalecimiento cooperativo. \u00abEl primer a\u00f1o del programa fue de mucho conocimiento y aprendizaje, pero este segundo a\u00f1o es lo que realmente est\u00e1bamos esperando. Ahora podremos resolver, a trav\u00e9s de un proyecto de innovaci\u00f3n, los problemas existentes y aprovechar las oportunidades que nos ofrece la apicultura en Atacama y en el valle del Huasco\u00bb, se\u00f1al\u00f3.<\/p>\n<p>Asimismo, resalt\u00f3 el rol de la mesa ap\u00edcola en el desarrollo de la cooperativa: \u00abLa participaci\u00f3n en la mesa ap\u00edcola ha sido clave. En ese espacio, los diferentes servicios del agro ponen sus instrumentos a disposici\u00f3n, lo que ha marcado un antes y un despu\u00e9s en la organizaci\u00f3n ap\u00edcola del Huasco. Nuestra cooperativa es joven, pero hemos avanzado r\u00e1pido en la concreci\u00f3n de objetivos y en proyectarnos a futuro\u00bb.<\/p>\n<p>Por su parte, la apicultora de Freirina y socia de ApiHuasco, Gloria Araya Bravo, valor\u00f3 el impacto que ha tenido este proceso en su desarrollo personal y productivo. \u00abHa sido muy importante, porque sola no se logra mucho. Uno tiene sus expectativas, como vender un poco de miel, pero ahora, con toda la ayuda y lo que ha postulado la cooperativa, es mucho para m\u00ed. Nunca pens\u00e9 que, a mis ochenta y tantos a\u00f1os, iba a estar en una cooperativa y participando en todas las iniciativas que el gobierno y otras instituciones han puesto a disposici\u00f3n\u00bb, expres\u00f3.<\/p>\n<p>Desde la Fundaci\u00f3n para la Innovaci\u00f3n Agraria, Wanda Garc\u00eda Olivares destac\u00f3 que \u00abeste programa estrat\u00e9gico busca entregar apoyos concretos a las cooperativas agroalimentarias de Chile. En esta instancia, hemos realizado una primera reuni\u00f3n con el equipo que ejecutar\u00e1 el proyecto en ApiHuasco, lo que representa un hito importante para la regi\u00f3n. De todas las iniciativas a nivel nacional, esta cooperativa est\u00e1 representando a Atacama\u00bb.<\/p>\n<p>Cabe destacar que recientemente ApiHuasco se adjudic\u00f3 un proyecto de Sercotec, el cual les ha permitido contar con infraestructura esencial para la producci\u00f3n de miel de todos sus socios, fortaleciendo a\u00fan m\u00e1s su capacidad de producci\u00f3n y comercializaci\u00f3n.<\/p>\n","protected":false},"excerpt":{"rendered":"<p>La iniciativa AgrocoopInnova busca fortalecer la producci\u00f3n ap\u00edcola en la regi\u00f3n, promoviendo la innovaci\u00f3n y el desarrollo sostenible. ApiHuasco se posiciona como un referente en&hellip; <\/p>\n","protected":false},"author":6,"featured_media":88659,"comment_status":"closed","ping_status":"closed","sticky":false,"template":"","format":"standard","meta":{"footnotes":""},"categories":[38],"tags":[],"class_list":["post-88658","post","type-post","status-publish","format-standard","has-post-thumbnail","hentry","category-portada-regional"],"_links":{"self":[{"href":"https:\/\/www.radioamigavallenar.cl\/index.php?rest_route=\/wp\/v2\/posts\/88658","targetHints":{"allow":["GET"]}}],"collection":[{"href":"https:\/\/www.radioamigavallenar.cl\/index.php?rest_route=\/wp\/v2\/posts"}],"about":[{"href":"https:\/\/www.radioamigavallenar.cl\/index.php?rest_route=\/wp\/v2\/types\/post"}],"author":[{"embeddable":true,"href":"https:\/\/www.radioamigavallenar.cl\/index.php?rest_route=\/wp\/v2\/users\/6"}],"replies":[{"embeddable":true,"href":"https:\/\/www.radioamigavallenar.cl\/index.php?rest_route=%2Fwp%2Fv2%2Fcomments&post=88658"}],"version-history":[{"count":1,"href":"https:\/\/www.radioamigavallenar.cl\/index.php?rest_route=\/wp\/v2\/posts\/88658\/revisions"}],"predecessor-version":[{"id":88660,"href":"https:\/\/www.radioamigavallenar.cl\/index.php?rest_route=\/wp\/v2\/posts\/88658\/revisions\/88660"}],"wp:featuredmedia":[{"embeddable":true,"href":"https:\/\/www.radioamigavallenar.cl\/index.php?rest_route=\/wp\/v2\/media\/88659"}],"wp:attachment":[{"href":"https:\/\/www.radioamigavallenar.cl\/index.php?rest_route=%2Fwp%2Fv2%2Fmedia&parent=88658"}],"wp:term":[{"taxonomy":"category","embeddable":true,"href":"https:\/\/www.radioamigavallenar.cl\/index.php?rest_route=%2Fwp%2Fv2%2Fcategories&post=88658"},{"taxonomy":"post_tag","embeddable":true,"href":"https:\/\/www.radioamigavallenar.cl\/index.php?rest_route=%2Fwp%2Fv2%2Ftags&post=88658"}],"curies":[{"name":"wp","href":"https:\/\/api.w.org\/{rel}","templated":true}]}}