{"id":88646,"date":"2025-02-03T08:21:58","date_gmt":"2025-02-03T11:21:58","guid":{"rendered":"https:\/\/www.radioamigavallenar.cl\/?p=88646"},"modified":"2025-02-03T08:21:58","modified_gmt":"2025-02-03T11:21:58","slug":"estudiante-de-servicio-social-de-santo-tomas-copiapo-crea-aplicacion-para-prevenir-el-abuso-sexual-infantil","status":"publish","type":"post","link":"https:\/\/www.radioamigavallenar.cl\/?p=88646","title":{"rendered":"Estudiante de Servicio Social de Santo Tom\u00e1s Copiap\u00f3 crea aplicaci\u00f3n para prevenir el abuso sexual infantil"},"content":{"rendered":"<p><strong>La iniciativa \u00abSpeakUp\u00bb se adjudic\u00f3 un fondo concursable de Innovaci\u00f3n Social de Santo Tom\u00e1s a nivel nacional y fue asesorada por Social Lab.<\/strong><\/p>\n<p>Jessica Castro Castro, estudiante de Servicio Social de Santo Tom\u00e1s Copiap\u00f3, desarroll\u00f3 una innovadora aplicaci\u00f3n educativa que busca prevenir el abuso sexual infantil mediante herramientas tecnol\u00f3gicas. Su proyecto, denominado \u00abSpeakUp\u00bb, fue seleccionado en el fondo concursable de Innovaci\u00f3n Social de la instituci\u00f3n, el cual es asesorado por Social Lab.<\/p>\n<p>La joven explic\u00f3 que su motivaci\u00f3n surgi\u00f3 al analizar problem\u00e1ticas sociales y detectar la falta de educaci\u00f3n en torno a la prevenci\u00f3n del abuso sexual infantil. \u00abLas estad\u00edsticas eran devastadoras y me dejaron completamente conmocionada. Decid\u00ed que no pod\u00eda ignorar esta problem\u00e1tica, y desde esa emoci\u00f3n y compromiso naci\u00f3 &#8216;SpeakUp'\u00bb, relat\u00f3 Jessica.<\/p>\n<p>La aplicaci\u00f3n \u00abSpeakUp\u00bb es una plataforma digital que combina tecnolog\u00eda y educaci\u00f3n para sensibilizar sobre el abuso sexual infantil. Su contenido se presenta de manera interactiva y did\u00e1ctica, con la gu\u00eda de un personaje llamado \u00abLe\u00f3n Le\u00f3n\u00bb, quien a trav\u00e9s de videos y juegos ense\u00f1a a ni\u00f1os y ni\u00f1as sobre el reconocimiento de sus l\u00edmites personales, la identificaci\u00f3n de situaciones de riesgo, c\u00f3mo actuar ante comportamientos inapropiados, la importancia de entender que no existen \u00absecretos buenos\u00bb y la identificaci\u00f3n de adultos de confianza.<\/p>\n<p>El programa tambi\u00e9n incluye una secci\u00f3n dirigida a padres y apoderados, con el objetivo de brindar herramientas para detectar signos de abuso y reforzar la prevenci\u00f3n en el hogar.<\/p>\n<p>Jessica decidi\u00f3 implementar \u00abSpeakUp\u00bb durante su pr\u00e1ctica en la Escuela de Sectores Altos El Cha\u00f1ar, en Copiap\u00f3. En esta etapa, se capacit\u00f3 tanto a estudiantes como a docentes, priorizando la educaci\u00f3n preventiva.<\/p>\n<p>\u00abEl diagn\u00f3stico inicial mostr\u00f3 que los ni\u00f1os estaban bien preparados en t\u00e9rminos de prevenci\u00f3n, pero cuando analizamos a los apoderados, encontramos una gran falta de conocimiento sobre el abuso sexual infantil\u00bb, explic\u00f3 Jessica. A ra\u00edz de esto, se gener\u00f3 una capacitaci\u00f3n especial para familias, logrando una alta participaci\u00f3n y un impacto significativo en la comunidad educativa.<\/p>\n<p>Durante las sesiones abordaron temas como los distintos tipos de abuso sexual, c\u00f3mo prevenir y actuar ante situaciones de riesgo e identificar se\u00f1ales de alerta en los ni\u00f1os. Los resultados del programa fueron positivos: los apoderados pasaron de tener un conocimiento m\u00ednimo a comprender de manera s\u00f3lida la prevenci\u00f3n del abuso sexual infantil. Adem\u00e1s, \u00abSpeakUp\u00bb gener\u00f3 un ambiente de confianza para que los ni\u00f1os expresaran sus experiencias, marcando un antes y un despu\u00e9s en la comunidad educativa.<\/p>\n<p>Tras el \u00e9xito de la implementaci\u00f3n en la Escuela El Cha\u00f1ar, Jessica proyecta expandir \u00abSpeakUp\u00bb en 2025, ampliando su alcance a otros establecimientos y niveles educativos. Adem\u00e1s, trabaja en el desarrollo de un curso de capacitaci\u00f3n dirigido a profesionales que trabajan con menores de edad.<\/p>\n<p>\u00abQueremos que todas las personas que trabajen con ni\u00f1os, ni\u00f1as y adolescentes cuenten con las herramientas necesarias para protegerlos\u00bb, afirm\u00f3. Asimismo, no descarta la posibilidad de llevar el proyecto a nivel internacional.<\/p>\n","protected":false},"excerpt":{"rendered":"<p>La iniciativa \u00abSpeakUp\u00bb se adjudic\u00f3 un fondo concursable de Innovaci\u00f3n Social de Santo Tom\u00e1s a nivel nacional y fue asesorada por Social Lab. Jessica Castro&hellip; <\/p>\n","protected":false},"author":6,"featured_media":88647,"comment_status":"closed","ping_status":"closed","sticky":false,"template":"","format":"standard","meta":{"footnotes":""},"categories":[7],"tags":[],"class_list":["post-88646","post","type-post","status-publish","format-standard","has-post-thumbnail","hentry","category-atacama"],"_links":{"self":[{"href":"https:\/\/www.radioamigavallenar.cl\/index.php?rest_route=\/wp\/v2\/posts\/88646","targetHints":{"allow":["GET"]}}],"collection":[{"href":"https:\/\/www.radioamigavallenar.cl\/index.php?rest_route=\/wp\/v2\/posts"}],"about":[{"href":"https:\/\/www.radioamigavallenar.cl\/index.php?rest_route=\/wp\/v2\/types\/post"}],"author":[{"embeddable":true,"href":"https:\/\/www.radioamigavallenar.cl\/index.php?rest_route=\/wp\/v2\/users\/6"}],"replies":[{"embeddable":true,"href":"https:\/\/www.radioamigavallenar.cl\/index.php?rest_route=%2Fwp%2Fv2%2Fcomments&post=88646"}],"version-history":[{"count":1,"href":"https:\/\/www.radioamigavallenar.cl\/index.php?rest_route=\/wp\/v2\/posts\/88646\/revisions"}],"predecessor-version":[{"id":88648,"href":"https:\/\/www.radioamigavallenar.cl\/index.php?rest_route=\/wp\/v2\/posts\/88646\/revisions\/88648"}],"wp:featuredmedia":[{"embeddable":true,"href":"https:\/\/www.radioamigavallenar.cl\/index.php?rest_route=\/wp\/v2\/media\/88647"}],"wp:attachment":[{"href":"https:\/\/www.radioamigavallenar.cl\/index.php?rest_route=%2Fwp%2Fv2%2Fmedia&parent=88646"}],"wp:term":[{"taxonomy":"category","embeddable":true,"href":"https:\/\/www.radioamigavallenar.cl\/index.php?rest_route=%2Fwp%2Fv2%2Fcategories&post=88646"},{"taxonomy":"post_tag","embeddable":true,"href":"https:\/\/www.radioamigavallenar.cl\/index.php?rest_route=%2Fwp%2Fv2%2Ftags&post=88646"}],"curies":[{"name":"wp","href":"https:\/\/api.w.org\/{rel}","templated":true}]}}