{"id":88061,"date":"2025-01-10T09:02:28","date_gmt":"2025-01-10T12:02:28","guid":{"rendered":"https:\/\/www.radioamigavallenar.cl\/?p=88061"},"modified":"2025-01-10T09:02:28","modified_gmt":"2025-01-10T12:02:28","slug":"alcalde-de-alto-del-carmen-coordina-apoyo-a-familias-afectadas-por-incendio-en-chanchoquin-chico","status":"publish","type":"post","link":"https:\/\/www.radioamigavallenar.cl\/?p=88061","title":{"rendered":"Alcalde de Alto del Carmen coordina apoyo a familias afectadas por incendio en Chanchoqu\u00edn Chico"},"content":{"rendered":"<div class=\"flex-shrink-0 flex flex-col relative items-end\">\n<div>\n<div class=\"pt-0\">\n<div class=\"gizmo-bot-avatar flex h-8 w-8 items-center justify-center overflow-hidden rounded-full\">\n<div class=\"relative p-1 rounded-sm flex items-center justify-center bg-token-main-surface-primary text-token-text-primary h-8 w-8\"><strong>Dos viviendas resultaron con p\u00e9rdida total, afectando a tres familias, sin registrarse desgracias personales.<\/strong><\/div>\n<\/div>\n<\/div>\n<\/div>\n<\/div>\n<div class=\"group\/conversation-turn relative flex w-full min-w-0 flex-col agent-turn\">\n<div class=\"flex-col gap-1 md:gap-3\">\n<div class=\"flex max-w-full flex-col flex-grow\">\n<div class=\"min-h-8 text-message flex w-full flex-col items-end gap-2 whitespace-normal break-words text-start [.text-message+&amp;]:mt-5\" dir=\"auto\" data-message-author-role=\"assistant\" data-message-id=\"ad218531-5a86-4c00-bcc5-4ab840e189a5\" data-message-model-slug=\"gpt-4o\">\n<div class=\"flex w-full flex-col gap-1 empty:hidden first:pt-[3px]\">\n<div class=\"markdown prose w-full break-words dark:prose-invert light\">\n<p>&nbsp;<\/p>\n<p>El pasado mi\u00e9rcoles 8 de enero, un incendio en la localidad de Chanchoqu\u00edn Chico, comuna de Alto del Carmen, fue controlado en su totalidad por Bomberos de la comuna, con el apoyo de un cami\u00f3n aljibe municipal y la colaboraci\u00f3n de vecinos. El siniestro dej\u00f3 dos viviendas completamente destruidas y afect\u00f3 a tres familias, sin que se reportaran lesiones ni p\u00e9rdidas humanas.<\/p>\n<p>El equipo municipal, liderado por el Director de Desarrollo Comunitario, junto a una trabajadora social y una veterinaria, acudi\u00f3 al lugar para aplicar la ficha FIBE, entregar kits de alimentaci\u00f3n y agua, y coordinar la solicitud de viviendas de emergencia. Tambi\u00e9n se gestion\u00f3 un cami\u00f3n municipal para el retiro de escombros.<\/p>\n<p>El alcalde de Alto del Carmen, Cristian Olivares, visit\u00f3 personalmente a las familias afectadas para constatar los da\u00f1os y brindar apoyo en este dif\u00edcil momento. Acompa\u00f1ado por el encargado de Gesti\u00f3n del Riesgo de Desastres, Gerardo Tapia, y el psic\u00f3logo Luis L\u00f3pez, el edil se comprometi\u00f3 a trabajar coordinadamente con Senapred y Serviu para gestionar recursos, incluyendo viviendas de emergencia y apoyo para acceder a soluciones habitacionales definitivas.<\/p>\n<p>Adem\u00e1s, se dispuso maquinaria de emergencia municipal para habilitar el espacio donde se instalar\u00e1n las viviendas de emergencia. El municipio agradeci\u00f3 especialmente el apoyo de Roberto Ardiles en el retiro de escombros y reafirm\u00f3 su compromiso con las familias afectadas y su recuperaci\u00f3n. \u00abSeguiremos apoyando a las familias afectadas por esta lamentable situaci\u00f3n y agradecemos el apoyo de Bomberos y de los vecinos de Chanchoqu\u00edn Chico\u00bb, expreso el municipio en sus rrss.<\/p>\n<\/div>\n<\/div>\n<\/div>\n<\/div>\n<\/div>\n<\/div>\n","protected":false},"excerpt":{"rendered":"<p>Dos viviendas resultaron con p\u00e9rdida total, afectando a tres familias, sin registrarse desgracias personales. &nbsp; El pasado mi\u00e9rcoles 8 de enero, un incendio en la&hellip; <\/p>\n","protected":false},"author":6,"featured_media":88062,"comment_status":"closed","ping_status":"closed","sticky":false,"template":"","format":"standard","meta":{"footnotes":""},"categories":[38],"tags":[],"class_list":["post-88061","post","type-post","status-publish","format-standard","has-post-thumbnail","hentry","category-portada-regional"],"_links":{"self":[{"href":"https:\/\/www.radioamigavallenar.cl\/index.php?rest_route=\/wp\/v2\/posts\/88061","targetHints":{"allow":["GET"]}}],"collection":[{"href":"https:\/\/www.radioamigavallenar.cl\/index.php?rest_route=\/wp\/v2\/posts"}],"about":[{"href":"https:\/\/www.radioamigavallenar.cl\/index.php?rest_route=\/wp\/v2\/types\/post"}],"author":[{"embeddable":true,"href":"https:\/\/www.radioamigavallenar.cl\/index.php?rest_route=\/wp\/v2\/users\/6"}],"replies":[{"embeddable":true,"href":"https:\/\/www.radioamigavallenar.cl\/index.php?rest_route=%2Fwp%2Fv2%2Fcomments&post=88061"}],"version-history":[{"count":1,"href":"https:\/\/www.radioamigavallenar.cl\/index.php?rest_route=\/wp\/v2\/posts\/88061\/revisions"}],"predecessor-version":[{"id":88063,"href":"https:\/\/www.radioamigavallenar.cl\/index.php?rest_route=\/wp\/v2\/posts\/88061\/revisions\/88063"}],"wp:featuredmedia":[{"embeddable":true,"href":"https:\/\/www.radioamigavallenar.cl\/index.php?rest_route=\/wp\/v2\/media\/88062"}],"wp:attachment":[{"href":"https:\/\/www.radioamigavallenar.cl\/index.php?rest_route=%2Fwp%2Fv2%2Fmedia&parent=88061"}],"wp:term":[{"taxonomy":"category","embeddable":true,"href":"https:\/\/www.radioamigavallenar.cl\/index.php?rest_route=%2Fwp%2Fv2%2Fcategories&post=88061"},{"taxonomy":"post_tag","embeddable":true,"href":"https:\/\/www.radioamigavallenar.cl\/index.php?rest_route=%2Fwp%2Fv2%2Ftags&post=88061"}],"curies":[{"name":"wp","href":"https:\/\/api.w.org\/{rel}","templated":true}]}}