{"id":88043,"date":"2025-01-10T08:13:27","date_gmt":"2025-01-10T11:13:27","guid":{"rendered":"https:\/\/www.radioamigavallenar.cl\/?p=88043"},"modified":"2025-01-10T08:13:27","modified_gmt":"2025-01-10T11:13:27","slug":"congreso-futuro-2025-llega-a-atacama-con-el-lema-que-atacama-queremos-ser","status":"publish","type":"post","link":"https:\/\/www.radioamigavallenar.cl\/?p=88043","title":{"rendered":"Congreso Futuro 2025 llega a Atacama con el lema \u201c\u00bfQu\u00e9 Atacama queremos ser?\u201d"},"content":{"rendered":"<p><strong>El evento, que se desarrollar\u00e1 del 14 al 17 de enero en Tierra Amarilla, Copiap\u00f3 y Caldera, reunir\u00e1 a destacados expertos nacionales e internacionales para debatir los desaf\u00edos y oportunidades del futuro desde una perspectiva regional.<\/strong><\/p>\n<p>La regi\u00f3n de Atacama se prepara para recibir una nueva edici\u00f3n del Congreso Futuro 2025, uno de los encuentros de divulgaci\u00f3n cient\u00edfica y human\u00edstica m\u00e1s relevantes del pa\u00eds. Bajo el lema \u201c\u00bfQu\u00e9 Atacama queremos ser?\u201d, el evento reunir\u00e1 a figuras de renombre en ciencia, educaci\u00f3n y patrimonio, quienes dialogar\u00e1n sobre las transformaciones que enfrenta la humanidad y su impacto en la regi\u00f3n.<\/p>\n<p>El congreso, que llega a su tercera edici\u00f3n en Atacama, es organizado por la Universidad de Atacama (UDA), el Gobierno Regional, la Corporaci\u00f3n Paleontol\u00f3gica de Atacama (CIAHN) y la Comisi\u00f3n Desaf\u00edos del Futuro del Senado de Chile, con el apoyo de Minera Candelaria, Compa\u00f1\u00eda Minera del Pac\u00edfico (CMP) y Minera Carola Coemin.<\/p>\n<p>La jornada inaugural se realizar\u00e1 el martes 14 de enero en la Plaza Balmaceda de Tierra Amarilla, donde se llevar\u00e1 a cabo una ceremonia de apertura con charlas de acad\u00e9micos de la UDA y un espect\u00e1culo art\u00edstico inspirado en la conexi\u00f3n entre la ciencia y la cultura local.<\/p>\n<p>El mi\u00e9rcoles 15 de enero, el Centro Cultural Atacama en Copiap\u00f3 ser\u00e1 escenario de paneles de discusi\u00f3n con expertos regionales como Fernando Herrera, Joseline Manfroi, Mauricio Morel, Millarca Valenzuela y Carmen Burgos, quienes abordar\u00e1n temas interdisciplinarios vinculados a la educaci\u00f3n y la preservaci\u00f3n del patrimonio cultural.<\/p>\n<p>El jueves 16 de enero, el mismo espacio recibir\u00e1 a invitados internacionales de primer nivel, como el paleoantrop\u00f3logo espa\u00f1ol Juan Luis Arsuaga, el climat\u00f3logo puertorrique\u00f1o Rafael M\u00e9ndez-Tejeda y el paleobi\u00f3logo estadounidense Nicholas Pyenson, del Instituto Smithsonian. Junto a ellos estar\u00e1n destacados cient\u00edficos chilenos, como Cristina Dorador y Roberto Contreras, para ofrecer una jornada memorable.<\/p>\n<p>El viernes 17 de enero, el evento cerrar\u00e1 en Caldera con un enfoque en el patrimonio arquitect\u00f3nico y paleontol\u00f3gico de Atacama. Expertos como Roberto Benavente y Crist\u00f3bal Tirado expondr\u00e1n sobre el Plan Maestro de Infraestructura Paleontol\u00f3gica, mientras se destaca el valor hist\u00f3rico y cultural de la regi\u00f3n.<\/p>\n<p>El gobernador regional de Atacama, Miguel Vargas Correa, enfatiz\u00f3 la importancia del Congreso Futuro como un puente entre la ciencia y la ciudadan\u00eda. \u201cEste evento nos invita a reflexionar sobre los desaf\u00edos de cambio clim\u00e1tico, paleontolog\u00eda y patrimonio, entre otros. No es solo un espacio de di\u00e1logo, sino tambi\u00e9n una plataforma para coordinar acciones que definan el futuro de Atacama. Invitamos a toda la comunidad a participar activamente en este hito\u201d.<\/p>\n<p>El rector de la Universidad de Atacama, Forl\u00edn Aguilera Olivares, subray\u00f3 la relevancia de democratizar el conocimiento. \u201cCongreso Futuro permite acercar la ciencia y la tecnolog\u00eda a las comunidades, especialmente a los j\u00f3venes. Este a\u00f1o ampliamos nuestra presencia en diversas comunas para seguir fortaleciendo la responsabilidad de la UDA como universidad estatal\u201d.<\/p>\n<p>Por su parte, el director ejecutivo de la CIAHN, Pablo Quilodr\u00e1n, destac\u00f3 el papel del Congreso en la proyecci\u00f3n del patrimonio regional. \u201cNos preguntamos no solo qu\u00e9 Atacama queremos ser, sino qu\u00e9 humanidad queremos construir. Este evento nos permite hablar de paleontolog\u00eda, educaci\u00f3n y meteoritos, proyectando el patrimonio como un eje de desarrollo\u201d.<\/p>\n<audio class=\"wp-audio-shortcode\" id=\"audio-88043-1\" preload=\"none\" style=\"width: 100%;\" controls=\"controls\"><source type=\"audio\/mpeg\" src=\"https:\/\/www.radioamigavallenar.cl\/wp-content\/uploads\/2025\/01\/Cuna-Congreso-Futuro-2025-Pablo-Quillodran.mp3?_=1\" \/><a href=\"https:\/\/www.radioamigavallenar.cl\/wp-content\/uploads\/2025\/01\/Cuna-Congreso-Futuro-2025-Pablo-Quillodran.mp3\">https:\/\/www.radioamigavallenar.cl\/wp-content\/uploads\/2025\/01\/Cuna-Congreso-Futuro-2025-Pablo-Quillodran.mp3<\/a><\/audio>\n<p>El Congreso Futuro ser\u00e1 transmitido en vivo por TV Senado y el canal de YouTube de UDA Televisi\u00f3n. Adem\u00e1s, los asistentes podr\u00e1n participar en actividades como la firma de libros con autores destacados, incluyendo a Juan Luis Arsuaga, Cristina Dorador y Millarca Valenzuela, en el stand de Qu\u00e9 Leo Copiap\u00f3.<\/p>\n","protected":false},"excerpt":{"rendered":"<p>El evento, que se desarrollar\u00e1 del 14 al 17 de enero en Tierra Amarilla, Copiap\u00f3 y Caldera, reunir\u00e1 a destacados expertos nacionales e internacionales para&hellip; <\/p>\n","protected":false},"author":6,"featured_media":88046,"comment_status":"closed","ping_status":"closed","sticky":false,"template":"","format":"standard","meta":{"footnotes":""},"categories":[7],"tags":[],"class_list":["post-88043","post","type-post","status-publish","format-standard","has-post-thumbnail","hentry","category-atacama"],"_links":{"self":[{"href":"https:\/\/www.radioamigavallenar.cl\/index.php?rest_route=\/wp\/v2\/posts\/88043","targetHints":{"allow":["GET"]}}],"collection":[{"href":"https:\/\/www.radioamigavallenar.cl\/index.php?rest_route=\/wp\/v2\/posts"}],"about":[{"href":"https:\/\/www.radioamigavallenar.cl\/index.php?rest_route=\/wp\/v2\/types\/post"}],"author":[{"embeddable":true,"href":"https:\/\/www.radioamigavallenar.cl\/index.php?rest_route=\/wp\/v2\/users\/6"}],"replies":[{"embeddable":true,"href":"https:\/\/www.radioamigavallenar.cl\/index.php?rest_route=%2Fwp%2Fv2%2Fcomments&post=88043"}],"version-history":[{"count":1,"href":"https:\/\/www.radioamigavallenar.cl\/index.php?rest_route=\/wp\/v2\/posts\/88043\/revisions"}],"predecessor-version":[{"id":88047,"href":"https:\/\/www.radioamigavallenar.cl\/index.php?rest_route=\/wp\/v2\/posts\/88043\/revisions\/88047"}],"wp:featuredmedia":[{"embeddable":true,"href":"https:\/\/www.radioamigavallenar.cl\/index.php?rest_route=\/wp\/v2\/media\/88046"}],"wp:attachment":[{"href":"https:\/\/www.radioamigavallenar.cl\/index.php?rest_route=%2Fwp%2Fv2%2Fmedia&parent=88043"}],"wp:term":[{"taxonomy":"category","embeddable":true,"href":"https:\/\/www.radioamigavallenar.cl\/index.php?rest_route=%2Fwp%2Fv2%2Fcategories&post=88043"},{"taxonomy":"post_tag","embeddable":true,"href":"https:\/\/www.radioamigavallenar.cl\/index.php?rest_route=%2Fwp%2Fv2%2Ftags&post=88043"}],"curies":[{"name":"wp","href":"https:\/\/api.w.org\/{rel}","templated":true}]}}