{"id":88011,"date":"2025-01-09T08:48:35","date_gmt":"2025-01-09T11:48:35","guid":{"rendered":"https:\/\/www.radioamigavallenar.cl\/?p=88011"},"modified":"2025-01-09T08:49:33","modified_gmt":"2025-01-09T11:49:33","slug":"cores-de-atacama-analizan-declaratorias-de-impacto-ambiental-de-tres-proyectos-clave-en-primera-reunion-de-trabajo","status":"publish","type":"post","link":"https:\/\/www.radioamigavallenar.cl\/?p=88011","title":{"rendered":"CORES de Atacama analizan declaratorias de impacto ambiental de tres proyectos clave en primera reuni\u00f3n de trabajo"},"content":{"rendered":"<p><strong>Las iniciativas incluyen un conjunto habitacional en Vallenar y dos proyectos energ\u00e9ticos con almacenamiento en bater\u00edas en Vallenar y Diego de Almagro.<\/strong><\/p>\n<p>En su primera reuni\u00f3n de trabajo, los 14 Consejeros Regionales (CORES) de Atacama analizaron tres Declaraciones de Impacto Ambiental (DIA) correspondientes a los proyectos \u201cHabitacional Altos de Cavancha\u201d y \u201cSistema de almacenamiento de energ\u00eda por bater\u00edas BESS-Troya\u201d en Vallenar, y la \u201cL\u00ednea de Transmisi\u00f3n y Central BESS Halc\u00f3n 5\u201d en Diego de Almagro.<\/p>\n<p>La sesi\u00f3n, convocada por la Comisi\u00f3n Provinciales Unidas, tambi\u00e9n permiti\u00f3 establecer temporalmente a Fabiola P\u00e9rez como presidenta de la comisi\u00f3n. La reuni\u00f3n fue calificada como \u201cinteresante y productiva\u201d por los participantes, quienes trabajaron en conjunto con la Divisi\u00f3n de Planificaci\u00f3n y Desarrollo Regional (DIPLADE) para evaluar los posibles impactos y beneficios de los proyectos en las comunidades locales.<\/p>\n<p>El proyecto habitacional <strong>\u201cAltos de Cavancha\u201d<\/strong>, parte del Plan de Emergencia Habitacional del Ministerio de Vivienda y Urbanismo, busca construir 540 viviendas en Vallenar, distribuidas en 432 departamentos y 108 casas pareadas. Con una inversi\u00f3n de $47.855.438 USD, el inicio de las obras est\u00e1 programado para el 3 de marzo de 2025.<\/p>\n<p>La <strong>\u201cL\u00ednea de Transmisi\u00f3n y Central BESS Halc\u00f3n 5\u201d<\/strong> en Diego de Almagro es un proyecto de almacenamiento de energ\u00eda el\u00e9ctrica con una l\u00ednea de transmisi\u00f3n de alta tensi\u00f3n de 110 kV. Ubicado a 260 metros del l\u00edmite urbano, este proyecto, con una inversi\u00f3n de $104.940.000 USD, tendr\u00e1 una vida \u00fatil de 30 a\u00f1os.<\/p>\n<p>El <strong>\u201cSistema de Almacenamiento de Energ\u00eda por Bater\u00edas BESS-Troya\u201d<\/strong>, tambi\u00e9n en Vallenar, prev\u00e9 una capacidad nominal de 200 MW y una autonom\u00eda de 4 horas. Este proyecto incluye una subestaci\u00f3n elevadora de 220 kV y una l\u00ednea de alta tensi\u00f3n conectada al Sistema El\u00e9ctrico Nacional. Con una inversi\u00f3n estimada de $233 millones de d\u00f3lares, tendr\u00e1 una vida \u00fatil de 27,5 a\u00f1os.<\/p>\n<p>La presidenta de la comisi\u00f3n, Fabiola P\u00e9rez, destac\u00f3 la relevancia de la reuni\u00f3n, se\u00f1alando que permiti\u00f3 avanzar en la evaluaci\u00f3n ambiental de proyectos clave para la regi\u00f3n. \u201cEste trabajo no solo es t\u00e9cnico, sino que busca garantizar que las iniciativas beneficien a las comunidades\u201d, afirm\u00f3.<\/p>\n<audio class=\"wp-audio-shortcode\" id=\"audio-88011-1\" preload=\"none\" style=\"width: 100%;\" controls=\"controls\"><source type=\"audio\/mpeg\" src=\"https:\/\/www.radioamigavallenar.cl\/wp-content\/uploads\/2025\/01\/cuna-CORE-Fabiola-Perez-07.01.2025.m4a?_=1\" \/><a href=\"https:\/\/www.radioamigavallenar.cl\/wp-content\/uploads\/2025\/01\/cuna-CORE-Fabiola-Perez-07.01.2025.m4a\">https:\/\/www.radioamigavallenar.cl\/wp-content\/uploads\/2025\/01\/cuna-CORE-Fabiola-Perez-07.01.2025.m4a<\/a><\/audio>\n<p>El CORE Felipe Fuentes, representante de la provincia de Copiap\u00f3, se\u00f1al\u00f3 la importancia de analizar los proyectos a fondo. \u201cComo nuevos consejeros, es crucial entender estas iniciativas para realizar observaciones que beneficien directamente a las personas y las comunas que representamos\u201d, expres\u00f3.<\/p>\n<audio class=\"wp-audio-shortcode\" id=\"audio-88011-2\" preload=\"none\" style=\"width: 100%;\" controls=\"controls\"><source type=\"audio\/mpeg\" src=\"https:\/\/www.radioamigavallenar.cl\/wp-content\/uploads\/2025\/01\/cuna-CORE-Felipe-Fuentes-07.01.2025.m4a?_=2\" \/><a href=\"https:\/\/www.radioamigavallenar.cl\/wp-content\/uploads\/2025\/01\/cuna-CORE-Felipe-Fuentes-07.01.2025.m4a\">https:\/\/www.radioamigavallenar.cl\/wp-content\/uploads\/2025\/01\/cuna-CORE-Felipe-Fuentes-07.01.2025.m4a<\/a><\/audio>\n<p>Por su parte, Freddy Rubina, CORE de Cha\u00f1aral, centr\u00f3 sus observaciones en los impactos potenciales de las estaciones energ\u00e9ticas cerca de Diego de Almagro, destacando preocupaciones sobre el impacto ambiental y socioecon\u00f3mico, como los arriendos y la afectaci\u00f3n a la econom\u00eda local.<\/p>\n<audio class=\"wp-audio-shortcode\" id=\"audio-88011-3\" preload=\"none\" style=\"width: 100%;\" controls=\"controls\"><source type=\"audio\/mpeg\" src=\"https:\/\/www.radioamigavallenar.cl\/wp-content\/uploads\/2025\/01\/cuna-CORE-Freddy-Rubina-07.01.2025.m4a?_=3\" \/><a href=\"https:\/\/www.radioamigavallenar.cl\/wp-content\/uploads\/2025\/01\/cuna-CORE-Freddy-Rubina-07.01.2025.m4a\">https:\/\/www.radioamigavallenar.cl\/wp-content\/uploads\/2025\/01\/cuna-CORE-Freddy-Rubina-07.01.2025.m4a<\/a><\/audio>\n<p>Los CORES realizaron consultas y observaciones al informe presentado por DIPLADE, acordando votar favorablemente por las declaratorias, incluyendo las consideraciones planteadas durante la reuni\u00f3n.<\/p>\n","protected":false},"excerpt":{"rendered":"<p>Las iniciativas incluyen un conjunto habitacional en Vallenar y dos proyectos energ\u00e9ticos con almacenamiento en bater\u00edas en Vallenar y Diego de Almagro. En su primera&hellip; <\/p>\n","protected":false},"author":6,"featured_media":88015,"comment_status":"closed","ping_status":"closed","sticky":false,"template":"","format":"standard","meta":{"footnotes":""},"categories":[38],"tags":[],"class_list":["post-88011","post","type-post","status-publish","format-standard","has-post-thumbnail","hentry","category-portada-regional"],"_links":{"self":[{"href":"https:\/\/www.radioamigavallenar.cl\/index.php?rest_route=\/wp\/v2\/posts\/88011","targetHints":{"allow":["GET"]}}],"collection":[{"href":"https:\/\/www.radioamigavallenar.cl\/index.php?rest_route=\/wp\/v2\/posts"}],"about":[{"href":"https:\/\/www.radioamigavallenar.cl\/index.php?rest_route=\/wp\/v2\/types\/post"}],"author":[{"embeddable":true,"href":"https:\/\/www.radioamigavallenar.cl\/index.php?rest_route=\/wp\/v2\/users\/6"}],"replies":[{"embeddable":true,"href":"https:\/\/www.radioamigavallenar.cl\/index.php?rest_route=%2Fwp%2Fv2%2Fcomments&post=88011"}],"version-history":[{"count":1,"href":"https:\/\/www.radioamigavallenar.cl\/index.php?rest_route=\/wp\/v2\/posts\/88011\/revisions"}],"predecessor-version":[{"id":88016,"href":"https:\/\/www.radioamigavallenar.cl\/index.php?rest_route=\/wp\/v2\/posts\/88011\/revisions\/88016"}],"wp:featuredmedia":[{"embeddable":true,"href":"https:\/\/www.radioamigavallenar.cl\/index.php?rest_route=\/wp\/v2\/media\/88015"}],"wp:attachment":[{"href":"https:\/\/www.radioamigavallenar.cl\/index.php?rest_route=%2Fwp%2Fv2%2Fmedia&parent=88011"}],"wp:term":[{"taxonomy":"category","embeddable":true,"href":"https:\/\/www.radioamigavallenar.cl\/index.php?rest_route=%2Fwp%2Fv2%2Fcategories&post=88011"},{"taxonomy":"post_tag","embeddable":true,"href":"https:\/\/www.radioamigavallenar.cl\/index.php?rest_route=%2Fwp%2Fv2%2Ftags&post=88011"}],"curies":[{"name":"wp","href":"https:\/\/api.w.org\/{rel}","templated":true}]}}