{"id":88000,"date":"2025-01-09T08:31:38","date_gmt":"2025-01-09T11:31:38","guid":{"rendered":"https:\/\/www.radioamigavallenar.cl\/?p=88000"},"modified":"2025-01-09T08:32:06","modified_gmt":"2025-01-09T11:32:06","slug":"limpieza-orden-y-embellecimiento-marcan-el-primer-mes-de-gestion-del-alcalde-maglio-cicardini-en-copiapo","status":"publish","type":"post","link":"https:\/\/www.radioamigavallenar.cl\/?p=88000","title":{"rendered":"Limpieza, orden y embellecimiento marcan el primer mes de gesti\u00f3n del alcalde Maglio Cicardini en Copiap\u00f3"},"content":{"rendered":"<div class=\"flex-shrink-0 flex flex-col relative items-end\">\n<div>\n<div class=\"pt-0\">\n<div class=\"gizmo-bot-avatar flex h-8 w-8 items-center justify-center overflow-hidden rounded-full\">\n<div class=\"relative p-1 rounded-sm flex items-center justify-center bg-token-main-surface-primary text-token-text-primary h-8 w-8\"><strong>El edil destac\u00f3 el trabajo realizado en tradiciones, espacios p\u00fablicos y convenios internacionales para el desarrollo de la comuna.<\/strong><\/div>\n<div><\/div>\n<\/div>\n<\/div>\n<\/div>\n<\/div>\n<div class=\"group\/conversation-turn relative flex w-full min-w-0 flex-col agent-turn\">\n<div class=\"flex-col gap-1 md:gap-3\">\n<div class=\"flex max-w-full flex-col flex-grow\">\n<div class=\"min-h-8 text-message flex w-full flex-col items-end gap-2 whitespace-normal break-words text-start [.text-message+&amp;]:mt-5\" dir=\"auto\" data-message-author-role=\"assistant\" data-message-id=\"346b8a34-a195-4cef-8cb3-72cdca39446b\" data-message-model-slug=\"gpt-4o\">\n<div class=\"flex w-full flex-col gap-1 empty:hidden first:pt-[3px]\">\n<div class=\"markdown prose w-full break-words dark:prose-invert light\">\n<p>A un mes de asumir como alcalde de Copiap\u00f3, Maglio Cicardini Neyra realiz\u00f3 un balance positivo de su gesti\u00f3n, subrayando las acciones emprendidas en limpieza, orden, recuperaci\u00f3n de tradiciones y embellecimiento de la ciudad. Pese a las dificultades iniciales, el edil enfatiz\u00f3 los logros alcanzados en \u00e1reas sociales, patrimoniales y deportivas.<\/p>\n<p>El alcalde expres\u00f3 su preocupaci\u00f3n por el estado en que recibi\u00f3 la comuna \u201cPese al estado deteriorado con que recibimos Copiap\u00f3, no perdemos la esperanza y desde el primer d\u00eda hemos trabajado intensamente con los equipos municipales para cambiar el aspecto de la ciudad. Tambi\u00e9n ya tuvimos importantes reuniones para avanzar en temas sociales como la seguridad, salud, subsidios, trabajo, patrimonio y desarrollo\u201d.<\/p>\n<p>Entre las actividades destacadas del primer mes se encuentra la recuperaci\u00f3n de tradiciones locales. El desfile de aniversario de Copiap\u00f3, los villancicos durante el encendido del \u00e1rbol de Navidad, la entrega de regalos y el \u00abtren de la Navidad\u00bb reunieron a miles de personas, revitalizando el esp\u00edritu comunitario.<\/p>\n<p>En cuanto al embellecimiento de la ciudad, se replantaron flores en el puente Kennedy, un gesto simb\u00f3lico que fue ampliamente valorado por la comunidad. Adem\u00e1s, se realiz\u00f3 una limpieza profunda en el sector de Tornini, con el objetivo de habilitar espacios p\u00fablicos para fomentar el deporte.<\/p>\n<p>En el \u00e1mbito deportivo, el Concejo Municipal aprob\u00f3 la reparaci\u00f3n y mejoramiento de multicanchas en los sectores de El Escorial y Universidad Cat\u00f3lica, beneficiando a miles de ni\u00f1os y ni\u00f1as de la comuna.<\/p>\n<p>A nivel social, el alcalde mantuvo reuniones con diversas organizaciones locales, incluidas la C\u00e1mara de Comercio, Rotary Club, dirigentes de ferias libres y colectivos culturales, para fortalecer la participaci\u00f3n ciudadana y el desarrollo de proyectos conjuntos.<\/p>\n<p>En el plano internacional, Cicardini firm\u00f3 un acuerdo con intendentes de las provincias catamarque\u00f1as de Fiambal\u00e1, Ica\u00f1o y Tinogasta, en Argentina, con el objetivo de fortalecer la integraci\u00f3n macroecon\u00f3mica de la regi\u00f3n. Este convenio busca potenciar el desarrollo econ\u00f3mico y cultural entre ambos pa\u00edses.<\/p>\n<p>El primer mes de gesti\u00f3n de Maglio Cicardini ha estado marcado por un enfoque integral en la recuperaci\u00f3n de la ciudad y la mejora de la calidad de vida de los copiapinos. Sin embargo, el alcalde reconoci\u00f3 que a\u00fan queda mucho por hacer. \u201cEstamos comprometidos en avanzar con fuerza en todos los \u00e1mbitos. Este es solo el comienzo de un camino que requiere del apoyo de la ciudadan\u00eda para seguir transformando Copiap\u00f3 en una ciudad m\u00e1s limpia, ordenada y con mayores oportunidades para todos\u201d, concluy\u00f3 el edil.<\/p>\n<\/div>\n<\/div>\n<\/div>\n<\/div>\n<\/div>\n<\/div>\n","protected":false},"excerpt":{"rendered":"<p>El edil destac\u00f3 el trabajo realizado en tradiciones, espacios p\u00fablicos y convenios internacionales para el desarrollo de la comuna. A un mes de asumir como&hellip; <\/p>\n","protected":false},"author":6,"featured_media":88001,"comment_status":"closed","ping_status":"closed","sticky":false,"template":"","format":"standard","meta":{"footnotes":""},"categories":[7],"tags":[],"class_list":["post-88000","post","type-post","status-publish","format-standard","has-post-thumbnail","hentry","category-atacama"],"_links":{"self":[{"href":"https:\/\/www.radioamigavallenar.cl\/index.php?rest_route=\/wp\/v2\/posts\/88000","targetHints":{"allow":["GET"]}}],"collection":[{"href":"https:\/\/www.radioamigavallenar.cl\/index.php?rest_route=\/wp\/v2\/posts"}],"about":[{"href":"https:\/\/www.radioamigavallenar.cl\/index.php?rest_route=\/wp\/v2\/types\/post"}],"author":[{"embeddable":true,"href":"https:\/\/www.radioamigavallenar.cl\/index.php?rest_route=\/wp\/v2\/users\/6"}],"replies":[{"embeddable":true,"href":"https:\/\/www.radioamigavallenar.cl\/index.php?rest_route=%2Fwp%2Fv2%2Fcomments&post=88000"}],"version-history":[{"count":2,"href":"https:\/\/www.radioamigavallenar.cl\/index.php?rest_route=\/wp\/v2\/posts\/88000\/revisions"}],"predecessor-version":[{"id":88003,"href":"https:\/\/www.radioamigavallenar.cl\/index.php?rest_route=\/wp\/v2\/posts\/88000\/revisions\/88003"}],"wp:featuredmedia":[{"embeddable":true,"href":"https:\/\/www.radioamigavallenar.cl\/index.php?rest_route=\/wp\/v2\/media\/88001"}],"wp:attachment":[{"href":"https:\/\/www.radioamigavallenar.cl\/index.php?rest_route=%2Fwp%2Fv2%2Fmedia&parent=88000"}],"wp:term":[{"taxonomy":"category","embeddable":true,"href":"https:\/\/www.radioamigavallenar.cl\/index.php?rest_route=%2Fwp%2Fv2%2Fcategories&post=88000"},{"taxonomy":"post_tag","embeddable":true,"href":"https:\/\/www.radioamigavallenar.cl\/index.php?rest_route=%2Fwp%2Fv2%2Ftags&post=88000"}],"curies":[{"name":"wp","href":"https:\/\/api.w.org\/{rel}","templated":true}]}}