{"id":87714,"date":"2024-12-26T09:44:51","date_gmt":"2024-12-26T12:44:51","guid":{"rendered":"https:\/\/www.radioamigavallenar.cl\/?p=87714"},"modified":"2024-12-26T09:44:51","modified_gmt":"2024-12-26T12:44:51","slug":"a-chile-le-faltan-50-anos-para-alcanzar-el-desarrollo-advierten-expertos","status":"publish","type":"post","link":"https:\/\/www.radioamigavallenar.cl\/?p=87714","title":{"rendered":"A Chile le faltan 50 a\u00f1os para alcanzar el desarrollo, advierten expertos"},"content":{"rendered":"<div class=\"flex max-w-full flex-col flex-grow\">\n<div class=\"min-h-8 text-message flex w-full flex-col items-end gap-2 whitespace-normal break-words text-start [.text-message+&amp;]:mt-5\" dir=\"auto\" data-message-author-role=\"assistant\" data-message-id=\"0a9b58f4-1f92-43b8-8725-3505df36f504\" data-message-model-slug=\"gpt-4o\">\n<div class=\"flex w-full flex-col gap-1 empty:hidden first:pt-[3px]\">\n<div class=\"markdown prose w-full break-words dark:prose-invert light\">\n<p><strong>Estancamiento en productividad, burocracia y un sistema tributario complejo han frenado el progreso econ\u00f3mico del pa\u00eds, aumentando la distancia para cumplir los est\u00e1ndares de la OCDE.<\/strong><\/p>\n<p>Chile enfrenta un retroceso significativo en sus aspiraciones de convertirse en un pa\u00eds desarrollado, seg\u00fan expertos, quienes advierten que la meta, antes proyectada a 20 a\u00f1os, ahora se extiende a medio siglo debido a un c\u00f3ctel de factores como baja productividad, trabas burocr\u00e1ticas y un sistema tributario complejo.<\/p>\n<p>Emilio Venegas, socio de Consultor\u00eda en BDO Chile, destac\u00f3 que el pa\u00eds \u00abperdi\u00f3 una oportunidad de oro\u00bb hace una d\u00e9cada, cuando las condiciones fiscales y pol\u00edticas eran favorables para un salto hacia el desarrollo. Sin embargo, una combinaci\u00f3n de desbalances econ\u00f3micos y decisiones pol\u00edticas habr\u00eda estancado ese avance.<\/p>\n<p>Entre los puntos cr\u00edticos se\u00f1alados, la reforma tributaria de 2014, implementada durante el segundo mandato de Michelle Bachelet, aparece como un factor divisivo. Mientras algunos sectores la culpan por el deterioro econ\u00f3mico, el Gobierno actual ha abogado por avanzar en un pacto fiscal fragmentado en proyectos que siguen en discusi\u00f3n en el Congreso.<\/p>\n<p>Rodrigo Palma, economista de la Universidad de Barcelona y docente de la UTEM, subray\u00f3 que la falta de diversificaci\u00f3n y complejizaci\u00f3n de los sectores productivos ha sido clave en el estancamiento del crecimiento. Por su parte, Alejandro Weber, decano de la Facultad de Econom\u00eda y Gobierno de la Universidad San Sebasti\u00e1n, indic\u00f3 que se necesita un cambio \u201cm\u00e1s severo\u201d en la pol\u00edtica fiscal para revertir esta tendencia.<\/p>\n<p>Chile se encuentra en la parte media de la regi\u00f3n en t\u00e9rminos de ingresos per c\u00e1pita y protecci\u00f3n social, pero los expertos coinciden en que la fragmentaci\u00f3n pol\u00edtica y la permisolog\u00eda excesiva dificultan el cumplimiento de los est\u00e1ndares de la OCDE, necesarios para alcanzar el desarrollo.<\/p>\n<p>La discusi\u00f3n sobre c\u00f3mo enfrentar estos desaf\u00edos sigue abierta, mientras las proyecciones de crecimiento, como la de la Cepal, estiman una expansi\u00f3n de apenas 2,3% para 2025, muy por debajo de lo necesario para recortar la creciente distancia hacia el desarrollo.<\/p>\n<\/div>\n<\/div>\n<\/div>\n<\/div>\n","protected":false},"excerpt":{"rendered":"<p>Estancamiento en productividad, burocracia y un sistema tributario complejo han frenado el progreso econ\u00f3mico del pa\u00eds, aumentando la distancia para cumplir los est\u00e1ndares de la&hellip; <\/p>\n","protected":false},"author":6,"featured_media":70536,"comment_status":"closed","ping_status":"closed","sticky":false,"template":"","format":"standard","meta":{"footnotes":""},"categories":[37],"tags":[],"class_list":["post-87714","post","type-post","status-publish","format-standard","has-post-thumbnail","hentry","category-nacional"],"_links":{"self":[{"href":"https:\/\/www.radioamigavallenar.cl\/index.php?rest_route=\/wp\/v2\/posts\/87714","targetHints":{"allow":["GET"]}}],"collection":[{"href":"https:\/\/www.radioamigavallenar.cl\/index.php?rest_route=\/wp\/v2\/posts"}],"about":[{"href":"https:\/\/www.radioamigavallenar.cl\/index.php?rest_route=\/wp\/v2\/types\/post"}],"author":[{"embeddable":true,"href":"https:\/\/www.radioamigavallenar.cl\/index.php?rest_route=\/wp\/v2\/users\/6"}],"replies":[{"embeddable":true,"href":"https:\/\/www.radioamigavallenar.cl\/index.php?rest_route=%2Fwp%2Fv2%2Fcomments&post=87714"}],"version-history":[{"count":1,"href":"https:\/\/www.radioamigavallenar.cl\/index.php?rest_route=\/wp\/v2\/posts\/87714\/revisions"}],"predecessor-version":[{"id":87715,"href":"https:\/\/www.radioamigavallenar.cl\/index.php?rest_route=\/wp\/v2\/posts\/87714\/revisions\/87715"}],"wp:featuredmedia":[{"embeddable":true,"href":"https:\/\/www.radioamigavallenar.cl\/index.php?rest_route=\/wp\/v2\/media\/70536"}],"wp:attachment":[{"href":"https:\/\/www.radioamigavallenar.cl\/index.php?rest_route=%2Fwp%2Fv2%2Fmedia&parent=87714"}],"wp:term":[{"taxonomy":"category","embeddable":true,"href":"https:\/\/www.radioamigavallenar.cl\/index.php?rest_route=%2Fwp%2Fv2%2Fcategories&post=87714"},{"taxonomy":"post_tag","embeddable":true,"href":"https:\/\/www.radioamigavallenar.cl\/index.php?rest_route=%2Fwp%2Fv2%2Ftags&post=87714"}],"curies":[{"name":"wp","href":"https:\/\/api.w.org\/{rel}","templated":true}]}}