{"id":87711,"date":"2024-12-26T09:42:15","date_gmt":"2024-12-26T12:42:15","guid":{"rendered":"https:\/\/www.radioamigavallenar.cl\/?p=87711"},"modified":"2024-12-26T09:42:15","modified_gmt":"2024-12-26T12:42:15","slug":"gobierno-busca-frenar-ofensiva-del-partido-republicano-tras-criticas-en-materia-de-seguridad","status":"publish","type":"post","link":"https:\/\/www.radioamigavallenar.cl\/?p=87711","title":{"rendered":"Gobierno busca frenar ofensiva del Partido Republicano tras cr\u00edticas en materia de seguridad"},"content":{"rendered":"<p><strong>En medio de cuestionamientos liderados por Jos\u00e9 Antonio Kast, La Moneda responde destacando el rechazo de Republicanos a iniciativas clave y busca aislar al partido dentro de la derecha.<\/strong><\/p>\n<p><strong>Santiago<\/strong>. El Gobierno ha decidido intensificar su respuesta a las cr\u00edticas del Partido Republicano, particularmente tras los recientes comentarios de su l\u00edder, Jos\u00e9 Antonio Kast, sobre la gesti\u00f3n de La Moneda en seguridad p\u00fablica. Kast vincul\u00f3 al Ejecutivo con los homicidios ocurridos el pasado fin de semana y respald\u00f3 declaraciones de autoridades argentinas cr\u00edticas al presidente Gabriel Boric.<\/p>\n<p>Desde La Moneda han subrayado que Republicanos no ha estado a la altura de otras fuerzas de oposici\u00f3n que reprobaron los comentarios trasandinos. Adem\u00e1s, remarcaron que el partido liderado por Kast ha rechazado iniciativas clave, como el proyecto para crear un nuevo Ministerio de Seguridad.<\/p>\n<p>\u201cEl patriotismo se demuestra resguardando la vida de los chilenos\u201d, se\u00f1al\u00f3 Kast, intensificando el cruce con el Ejecutivo. Ante esto, la ministra subrogante Ais\u00e9n Etcheverry evit\u00f3 polemizar directamente con Chile Vamos, pero inst\u00f3 a Kast a ser \u201cm\u00e1s patriota\u201d en su actuar.<\/p>\n<p>El diputado independiente-PPD, Jaime Araya, llam\u00f3 a las \u201cfuerzas democr\u00e1ticas\u201d a contrarrestar las acciones del Partido Republicano, mientras que Joanna P\u00e9rez, de Dem\u00f3cratas, pidi\u00f3 al Gobierno evitar tensiones extremas. Por su parte, Frank Sauerbaum, de Renovaci\u00f3n Nacional, tambi\u00e9n critic\u00f3 la postura del Ejecutivo.<\/p>\n","protected":false},"excerpt":{"rendered":"<p>En medio de cuestionamientos liderados por Jos\u00e9 Antonio Kast, La Moneda responde destacando el rechazo de Republicanos a iniciativas clave y busca aislar al partido&hellip; <\/p>\n","protected":false},"author":6,"featured_media":87712,"comment_status":"closed","ping_status":"closed","sticky":false,"template":"","format":"standard","meta":{"footnotes":""},"categories":[37],"tags":[],"class_list":["post-87711","post","type-post","status-publish","format-standard","has-post-thumbnail","hentry","category-nacional"],"_links":{"self":[{"href":"https:\/\/www.radioamigavallenar.cl\/index.php?rest_route=\/wp\/v2\/posts\/87711","targetHints":{"allow":["GET"]}}],"collection":[{"href":"https:\/\/www.radioamigavallenar.cl\/index.php?rest_route=\/wp\/v2\/posts"}],"about":[{"href":"https:\/\/www.radioamigavallenar.cl\/index.php?rest_route=\/wp\/v2\/types\/post"}],"author":[{"embeddable":true,"href":"https:\/\/www.radioamigavallenar.cl\/index.php?rest_route=\/wp\/v2\/users\/6"}],"replies":[{"embeddable":true,"href":"https:\/\/www.radioamigavallenar.cl\/index.php?rest_route=%2Fwp%2Fv2%2Fcomments&post=87711"}],"version-history":[{"count":1,"href":"https:\/\/www.radioamigavallenar.cl\/index.php?rest_route=\/wp\/v2\/posts\/87711\/revisions"}],"predecessor-version":[{"id":87713,"href":"https:\/\/www.radioamigavallenar.cl\/index.php?rest_route=\/wp\/v2\/posts\/87711\/revisions\/87713"}],"wp:featuredmedia":[{"embeddable":true,"href":"https:\/\/www.radioamigavallenar.cl\/index.php?rest_route=\/wp\/v2\/media\/87712"}],"wp:attachment":[{"href":"https:\/\/www.radioamigavallenar.cl\/index.php?rest_route=%2Fwp%2Fv2%2Fmedia&parent=87711"}],"wp:term":[{"taxonomy":"category","embeddable":true,"href":"https:\/\/www.radioamigavallenar.cl\/index.php?rest_route=%2Fwp%2Fv2%2Fcategories&post=87711"},{"taxonomy":"post_tag","embeddable":true,"href":"https:\/\/www.radioamigavallenar.cl\/index.php?rest_route=%2Fwp%2Fv2%2Ftags&post=87711"}],"curies":[{"name":"wp","href":"https:\/\/api.w.org\/{rel}","templated":true}]}}