{"id":87708,"date":"2024-12-26T09:35:27","date_gmt":"2024-12-26T12:35:27","guid":{"rendered":"https:\/\/www.radioamigavallenar.cl\/?p=87708"},"modified":"2024-12-26T09:35:27","modified_gmt":"2024-12-26T12:35:27","slug":"mesa-interinstitucional-del-ministerio-de-desarrollo-social-conforma-comisiones-clave-para-la-proteccion-de-la-ninez-y-adolescencia","status":"publish","type":"post","link":"https:\/\/www.radioamigavallenar.cl\/?p=87708","title":{"rendered":"Mesa Interinstitucional del Ministerio de Desarrollo Social conforma comisiones clave para la protecci\u00f3n de la ni\u00f1ez y adolescencia"},"content":{"rendered":"<p><strong>Salud mental, educaci\u00f3n y migraci\u00f3n ser\u00e1n los ejes de las nuevas comisiones creadas para coordinar los servicios destinados a garantizar los derechos de ni\u00f1os, ni\u00f1as y adolescentes en la regi\u00f3n de Atacama.<\/strong><\/p>\n<p>En el marco de la Ley 21.430, sobre Garant\u00edas y Protecci\u00f3n Integral de los Derechos de la Ni\u00f1ez y Adolescencia, la Mesa de Articulaci\u00f3n Interinstitucional de la regi\u00f3n de Atacama, liderada por el Ministerio de Desarrollo Social y Familia, culmin\u00f3 su jornada anual anunciando la conformaci\u00f3n de tres comisiones clave: Salud Mental y Consumo, Educaci\u00f3n y Apoyo a las Familias, y Migraci\u00f3n y Seguridad.<\/p>\n<p>La instancia, que re\u00fane a organismos estatales y actores de la sociedad civil, tiene como objetivo coordinar la oferta de servicios sociales vinculados al Subsistema \u00abChile Crece Contigo\u00bb y al Servicio Nacional de Protecci\u00f3n Especializada a la Ni\u00f1ez y Adolescencia, asegurando una atenci\u00f3n integral, suficiente y oportuna para ni\u00f1os, ni\u00f1as y adolescentes.<\/p>\n<p>\u201cLa prioridad son los ni\u00f1os, ni\u00f1as y adolescentes que nos convocan. Durante este a\u00f1o hemos articulado m\u00faltiples voluntades para que todas las ofertas y servicios disponibles lleguen a quienes m\u00e1s lo necesitan. Estas nuevas comisiones son un paso significativo hacia una protecci\u00f3n integral m\u00e1s efectiva\u201d, declar\u00f3 Ver\u00f3nica Rivera Reynoso, Seremi de Desarrollo Social y Familia.<\/p>\n<p>Entre los participantes de la mesa se encuentran representantes de los Ministerios de Educaci\u00f3n, Salud y Justicia, el Servicio Nacional de Reinserci\u00f3n Social Juvenil, y el Gobierno Regional, entre otros. La mesa tiene como funciones principales diagnosticar la situaci\u00f3n de la ni\u00f1ez en la regi\u00f3n, elaborar planes de trabajo interinstitucionales, coordinar la entrega de servicios y resolver desaf\u00edos operativos relacionados con la protecci\u00f3n de menores y sus familias.<\/p>\n<p>La primera sesi\u00f3n de trabajo de 2025 se realizar\u00e1 en enero, donde se comenzar\u00e1 a implementar el plan dise\u00f1ado por las comisiones<\/p>\n","protected":false},"excerpt":{"rendered":"<p>Salud mental, educaci\u00f3n y migraci\u00f3n ser\u00e1n los ejes de las nuevas comisiones creadas para coordinar los servicios destinados a garantizar los derechos de ni\u00f1os, ni\u00f1as&hellip; <\/p>\n","protected":false},"author":6,"featured_media":87709,"comment_status":"closed","ping_status":"closed","sticky":false,"template":"","format":"standard","meta":{"footnotes":""},"categories":[7],"tags":[],"class_list":["post-87708","post","type-post","status-publish","format-standard","has-post-thumbnail","hentry","category-atacama"],"_links":{"self":[{"href":"https:\/\/www.radioamigavallenar.cl\/index.php?rest_route=\/wp\/v2\/posts\/87708","targetHints":{"allow":["GET"]}}],"collection":[{"href":"https:\/\/www.radioamigavallenar.cl\/index.php?rest_route=\/wp\/v2\/posts"}],"about":[{"href":"https:\/\/www.radioamigavallenar.cl\/index.php?rest_route=\/wp\/v2\/types\/post"}],"author":[{"embeddable":true,"href":"https:\/\/www.radioamigavallenar.cl\/index.php?rest_route=\/wp\/v2\/users\/6"}],"replies":[{"embeddable":true,"href":"https:\/\/www.radioamigavallenar.cl\/index.php?rest_route=%2Fwp%2Fv2%2Fcomments&post=87708"}],"version-history":[{"count":1,"href":"https:\/\/www.radioamigavallenar.cl\/index.php?rest_route=\/wp\/v2\/posts\/87708\/revisions"}],"predecessor-version":[{"id":87710,"href":"https:\/\/www.radioamigavallenar.cl\/index.php?rest_route=\/wp\/v2\/posts\/87708\/revisions\/87710"}],"wp:featuredmedia":[{"embeddable":true,"href":"https:\/\/www.radioamigavallenar.cl\/index.php?rest_route=\/wp\/v2\/media\/87709"}],"wp:attachment":[{"href":"https:\/\/www.radioamigavallenar.cl\/index.php?rest_route=%2Fwp%2Fv2%2Fmedia&parent=87708"}],"wp:term":[{"taxonomy":"category","embeddable":true,"href":"https:\/\/www.radioamigavallenar.cl\/index.php?rest_route=%2Fwp%2Fv2%2Fcategories&post=87708"},{"taxonomy":"post_tag","embeddable":true,"href":"https:\/\/www.radioamigavallenar.cl\/index.php?rest_route=%2Fwp%2Fv2%2Ftags&post=87708"}],"curies":[{"name":"wp","href":"https:\/\/api.w.org\/{rel}","templated":true}]}}