{"id":87051,"date":"2024-12-04T00:00:52","date_gmt":"2024-12-04T03:00:52","guid":{"rendered":"https:\/\/www.radioamigavallenar.cl\/?p=87051"},"modified":"2024-12-03T21:26:08","modified_gmt":"2024-12-04T00:26:08","slug":"diputada-sofia-cid-exige-que-el-presidente-boric-comparezca-en-la-comision-investigadora-del-caso-monsalve","status":"publish","type":"post","link":"https:\/\/www.radioamigavallenar.cl\/?p=87051","title":{"rendered":"Diputada Sof\u00eda Cid exige que el Presidente Boric comparezca en la Comisi\u00f3n Investigadora del Caso Monsalve"},"content":{"rendered":"<p><strong>La parlamentaria por Atacama critic\u00f3 la falta de respuestas claras por parte de los asesores de La Moneda y cuestion\u00f3 el manejo inicial del Gobierno en este controvertido caso.<\/strong><\/p>\n<p>La diputada independiente Sof\u00eda Cid, representante de la Regi\u00f3n de Atacama, pidi\u00f3 que el Presidente Gabriel Boric comparezca ante la Comisi\u00f3n Investigadora que analiza el denominado Caso Monsalve, argumentando que las respuestas entregadas hasta ahora por los asesores presidenciales no han sido satisfactorias.<\/p>\n<p>\u00abLas respuestas de Miguel Crispi no fueron suficientes\u00bb, afirm\u00f3 Cid, en referencia a la comparecencia del jefe de asesores de La Moneda en la Comisi\u00f3n. Seg\u00fan la parlamentaria, el Presidente Boric deber\u00eda asistir personalmente para aclarar las interrogantes pendientes.<\/p>\n<p>La diputada subray\u00f3 que a\u00fan quedan dudas importantes sobre el manejo inicial del caso y las decisiones del Ejecutivo. \u00abSi los asesores no pueden decir lo que hablaron con \u00e9l, obviamente el Presidente s\u00ed puede transmitir lo que se convers\u00f3, c\u00f3mo se asesor\u00f3, qui\u00e9n envi\u00f3 a Monsalve al sur, qui\u00e9n lo autoriz\u00f3, por qu\u00e9 no fue despedido el primer d\u00eda y por qu\u00e9 se esper\u00f3 hasta el jueves\u00bb, detall\u00f3 Cid.<\/p>\n<p>Para la legisladora, el retraso en la destituci\u00f3n de Monsalve refleja que el Gobierno, inicialmente, \u00able crey\u00f3 a \u00e9l y no a la v\u00edctima\u00bb, lo que habr\u00eda permitido que Monsalve interviniera en el proceso mientras la situaci\u00f3n se aclaraba.<\/p>\n<p>Cid cuestion\u00f3 la postura del Gobierno en los primeros d\u00edas tras conocerse los hechos que involucran al exsubsecretario Monsalve. Seg\u00fan ella, la reacci\u00f3n del Ejecutivo fue tard\u00eda y solo se produjo despu\u00e9s de que la prensa y la Fiscal\u00eda comenzaron a revelar detalles del caso. \u00abEn los primeros d\u00edas, el Gobierno no tuvo consideraciones con la v\u00edctima\u00bb, concluy\u00f3.<\/p>\n<p>El Caso Monsalve ha generado controversia por el manejo interno del Gobierno y las posibles irregularidades en la gesti\u00f3n de los hechos. La Comisi\u00f3n Investigadora busca esclarecer las responsabilidades pol\u00edticas y administrativas involucradas en el caso, mientras crecen las exigencias para que el Presidente Boric ofrezca explicaciones directas.<\/p>\n","protected":false},"excerpt":{"rendered":"<p>La parlamentaria por Atacama critic\u00f3 la falta de respuestas claras por parte de los asesores de La Moneda y cuestion\u00f3 el manejo inicial del Gobierno&hellip; <\/p>\n","protected":false},"author":6,"featured_media":87052,"comment_status":"closed","ping_status":"closed","sticky":false,"template":"","format":"standard","meta":{"footnotes":""},"categories":[38],"tags":[],"class_list":["post-87051","post","type-post","status-publish","format-standard","has-post-thumbnail","hentry","category-portada-regional"],"_links":{"self":[{"href":"https:\/\/www.radioamigavallenar.cl\/index.php?rest_route=\/wp\/v2\/posts\/87051","targetHints":{"allow":["GET"]}}],"collection":[{"href":"https:\/\/www.radioamigavallenar.cl\/index.php?rest_route=\/wp\/v2\/posts"}],"about":[{"href":"https:\/\/www.radioamigavallenar.cl\/index.php?rest_route=\/wp\/v2\/types\/post"}],"author":[{"embeddable":true,"href":"https:\/\/www.radioamigavallenar.cl\/index.php?rest_route=\/wp\/v2\/users\/6"}],"replies":[{"embeddable":true,"href":"https:\/\/www.radioamigavallenar.cl\/index.php?rest_route=%2Fwp%2Fv2%2Fcomments&post=87051"}],"version-history":[{"count":1,"href":"https:\/\/www.radioamigavallenar.cl\/index.php?rest_route=\/wp\/v2\/posts\/87051\/revisions"}],"predecessor-version":[{"id":87053,"href":"https:\/\/www.radioamigavallenar.cl\/index.php?rest_route=\/wp\/v2\/posts\/87051\/revisions\/87053"}],"wp:featuredmedia":[{"embeddable":true,"href":"https:\/\/www.radioamigavallenar.cl\/index.php?rest_route=\/wp\/v2\/media\/87052"}],"wp:attachment":[{"href":"https:\/\/www.radioamigavallenar.cl\/index.php?rest_route=%2Fwp%2Fv2%2Fmedia&parent=87051"}],"wp:term":[{"taxonomy":"category","embeddable":true,"href":"https:\/\/www.radioamigavallenar.cl\/index.php?rest_route=%2Fwp%2Fv2%2Fcategories&post=87051"},{"taxonomy":"post_tag","embeddable":true,"href":"https:\/\/www.radioamigavallenar.cl\/index.php?rest_route=%2Fwp%2Fv2%2Ftags&post=87051"}],"curies":[{"name":"wp","href":"https:\/\/api.w.org\/{rel}","templated":true}]}}