{"id":86969,"date":"2024-11-29T07:49:29","date_gmt":"2024-11-29T10:49:29","guid":{"rendered":"https:\/\/www.radioamigavallenar.cl\/?p=86969"},"modified":"2024-11-29T07:50:51","modified_gmt":"2024-11-29T10:50:51","slug":"logran-capturar-al-tercer-implicado-en-balacera-en-discotheque-de-vallenar-fiscalia-obtuvo-la-prision-preventiva","status":"publish","type":"post","link":"https:\/\/www.radioamigavallenar.cl\/?p=86969","title":{"rendered":"Logran capturar al tercer implicado en balacera en discotheque de Vallenar: Fiscal\u00eda obtuvo la prisi\u00f3n preventiva"},"content":{"rendered":"<p><strong>El imputado, quien permaneci\u00f3 pr\u00f3fugo desde septiembre, fue detenido en La Serena. La Fiscal\u00eda de Atacama confirm\u00f3 que todos los involucrados en el caso est\u00e1n bajo prisi\u00f3n preventiva.<\/strong><\/p>\n<p>La Unidad de An\u00e1lisis Criminal y Focos Investigativos (Sacfi) de la Fiscal\u00eda de Atacama anunci\u00f3 la detenci\u00f3n y prisi\u00f3n preventiva del tercer involucrado en la balacera ocurrida en septiembre pasado en la discotheque Oxia de Vallenar. El ataque dej\u00f3 varios heridos, incluyendo a una persona en estado de riesgo vital.<\/p>\n<p>El fiscal Sebasti\u00e1n Coya Gonz\u00e1lez, de la unidad Sacfi, indic\u00f3 que el imputado fue identificado gracias a las c\u00e1maras de seguridad del recinto, las cuales mostraron al sujeto disparando contra las v\u00edctimas. \u201cLas diligencias desarrolladas por la Unidad Sacfi y la PDI permitieron determinar que este tercer imputado aparece en los registros utilizando un arma de fuego, lo que llev\u00f3 a solicitar al Tribunal la respectiva orden de detenci\u00f3n\u201d, se\u00f1al\u00f3 el fiscal.<\/p>\n<p>El detenido hab\u00eda estado pr\u00f3fugo desde el d\u00eda de los hechos y fue ubicado este jueves en la ciudad de La Serena, gracias al trabajo conjunto de la Fiscal\u00eda y la Brigada de Homicidios de la PDI.<\/p>\n<p>Con esta detenci\u00f3n, se completa la captura de todos los involucrados en el caso, quienes enfrentan cargos por homicidio calificado en grado de frustrado, homicidio simple tentado, porte ilegal de arma de fuego y disparos injustificados. La Fiscal\u00eda de Atacama obtuvo la medida cautelar de prisi\u00f3n preventiva para todos ellos.<\/p>\n<p>\u201cEste grave caso en Vallenar fue abordado con una efectiva labor investigativa del Equipo Sacfi \u2013 ECOH de la Fiscal\u00eda y los detectives de la PDI. Se lograron reunir los antecedentes necesarios para las detenciones y para acreditar la participaci\u00f3n de los imputados en los il\u00edcitos, lo que sustenta la prisi\u00f3n preventiva dictada por el Tribunal\u201d, concluy\u00f3 el fiscal Coya Gonz\u00e1lez.<\/p>\n","protected":false},"excerpt":{"rendered":"<p>El imputado, quien permaneci\u00f3 pr\u00f3fugo desde septiembre, fue detenido en La Serena. La Fiscal\u00eda de Atacama confirm\u00f3 que todos los involucrados en el caso est\u00e1n&hellip; <\/p>\n","protected":false},"author":6,"featured_media":86973,"comment_status":"closed","ping_status":"closed","sticky":false,"template":"","format":"standard","meta":{"footnotes":""},"categories":[38],"tags":[],"class_list":["post-86969","post","type-post","status-publish","format-standard","has-post-thumbnail","hentry","category-portada-regional"],"_links":{"self":[{"href":"https:\/\/www.radioamigavallenar.cl\/index.php?rest_route=\/wp\/v2\/posts\/86969","targetHints":{"allow":["GET"]}}],"collection":[{"href":"https:\/\/www.radioamigavallenar.cl\/index.php?rest_route=\/wp\/v2\/posts"}],"about":[{"href":"https:\/\/www.radioamigavallenar.cl\/index.php?rest_route=\/wp\/v2\/types\/post"}],"author":[{"embeddable":true,"href":"https:\/\/www.radioamigavallenar.cl\/index.php?rest_route=\/wp\/v2\/users\/6"}],"replies":[{"embeddable":true,"href":"https:\/\/www.radioamigavallenar.cl\/index.php?rest_route=%2Fwp%2Fv2%2Fcomments&post=86969"}],"version-history":[{"count":1,"href":"https:\/\/www.radioamigavallenar.cl\/index.php?rest_route=\/wp\/v2\/posts\/86969\/revisions"}],"predecessor-version":[{"id":86971,"href":"https:\/\/www.radioamigavallenar.cl\/index.php?rest_route=\/wp\/v2\/posts\/86969\/revisions\/86971"}],"wp:featuredmedia":[{"embeddable":true,"href":"https:\/\/www.radioamigavallenar.cl\/index.php?rest_route=\/wp\/v2\/media\/86973"}],"wp:attachment":[{"href":"https:\/\/www.radioamigavallenar.cl\/index.php?rest_route=%2Fwp%2Fv2%2Fmedia&parent=86969"}],"wp:term":[{"taxonomy":"category","embeddable":true,"href":"https:\/\/www.radioamigavallenar.cl\/index.php?rest_route=%2Fwp%2Fv2%2Fcategories&post=86969"},{"taxonomy":"post_tag","embeddable":true,"href":"https:\/\/www.radioamigavallenar.cl\/index.php?rest_route=%2Fwp%2Fv2%2Ftags&post=86969"}],"curies":[{"name":"wp","href":"https:\/\/api.w.org\/{rel}","templated":true}]}}