{"id":86934,"date":"2024-11-28T09:21:59","date_gmt":"2024-11-28T12:21:59","guid":{"rendered":"https:\/\/www.radioamigavallenar.cl\/?p=86934"},"modified":"2024-11-28T09:21:59","modified_gmt":"2024-11-28T12:21:59","slug":"apagon-por-nuestro-cielo-un-hito-para-combatir-la-contaminacion-luminica-y-promover-la-observacion-astronomica","status":"publish","type":"post","link":"https:\/\/www.radioamigavallenar.cl\/?p=86934","title":{"rendered":"\u201cApag\u00f3n por Nuestro Cielo\u201d: Un hito para combatir la contaminaci\u00f3n lum\u00ednica y promover la observaci\u00f3n astron\u00f3mica"},"content":{"rendered":"<p><strong>La actividad, organizada por la Comisi\u00f3n por el Cuidado de los Cielos Nocturnos, busca sensibilizar sobre la importancia de proteger los cielos y recopilar datos para fortalecer pol\u00edticas p\u00fablicas.<\/strong><\/p>\n<p>El pr\u00f3ximo s\u00e1bado 30 de noviembre, desde las 22:00 horas, se realizar\u00e1 el <strong>\u201cApag\u00f3n por Nuestro Cielo\u201d<\/strong>, un evento in\u00e9dito en Chile que apagar\u00e1 las luminarias de un tramo de la Ruta 5 Norte, entre Punta Colorada (Coquimbo) y Vizcachitas (Atacama). La iniciativa busca sensibilizar sobre la contaminaci\u00f3n lum\u00ednica y recolectar datos clave para su mitigaci\u00f3n, beneficiando tanto a la ciencia astron\u00f3mica como al desarrollo del astroturismo en la zona.<\/p>\n<p>Organizada por la Comisi\u00f3n por el Cuidado de los Cielos Nocturnos, la actividad une esfuerzos de las delegaciones presidenciales de Coquimbo y Atacama, junto a instituciones cient\u00edficas como el Observatorio Europeo Austral (ESO), Gemini, Noirlab y la Universidad de La Serena.<\/p>\n<p>El delegado presidencial regional de Coquimbo, Galo Luna, destac\u00f3 que la regi\u00f3n es un punto estrat\u00e9gico para la astronom\u00eda mundial y el turismo astron\u00f3mico. \u00abEste apag\u00f3n es un hito que refuerza nuestro compromiso con la protecci\u00f3n de los cielos y permitir\u00e1 disfrutar de una observaci\u00f3n in\u00e9dita\u00bb, afirm\u00f3.<\/p>\n<p>Por su parte, Rodrigo Illanes, delegado presidencial de Atacama, subray\u00f3 la relevancia de la iniciativa para el patrimonio astron\u00f3mico compartido entre ambas regiones. \u00abEs una oportunidad \u00fanica para recopilar informaci\u00f3n valiosa que perfeccionar\u00e1 nuestras pol\u00edticas p\u00fablicas\u00bb, coment\u00f3.<\/p>\n<audio class=\"wp-audio-shortcode\" id=\"audio-86934-1\" preload=\"none\" style=\"width: 100%;\" controls=\"controls\"><source type=\"audio\/mpeg\" src=\"https:\/\/www.radioamigavallenar.cl\/wp-content\/uploads\/2024\/11\/APAGON-CIELOS-Rodrigo-Illanes-Delegado-Presidencial-Regional-Atacama.mp3?_=1\" \/><a href=\"https:\/\/www.radioamigavallenar.cl\/wp-content\/uploads\/2024\/11\/APAGON-CIELOS-Rodrigo-Illanes-Delegado-Presidencial-Regional-Atacama.mp3\">https:\/\/www.radioamigavallenar.cl\/wp-content\/uploads\/2024\/11\/APAGON-CIELOS-Rodrigo-Illanes-Delegado-Presidencial-Regional-Atacama.mp3<\/a><\/audio>\n<p>El astr\u00f3nomo Marcelo Jaque, de la Universidad de La Serena, se\u00f1al\u00f3 que el apag\u00f3n permitir\u00e1 estudiar el impacto de la iluminaci\u00f3n de la Ruta 5 en los observatorios de La Silla y Las Campanas, ubicados en \u00e1reas cr\u00edticas para la observaci\u00f3n astron\u00f3mica. Luis Chavarr\u00eda, representante de ESO en Chile, a\u00f1adi\u00f3 que las mediciones realizadas durante la actividad ayudar\u00e1n a evaluar la implementaci\u00f3n del Decreto Supremo N\u00b0 1\/2022 del Ministerio de Medio Ambiente y proponer mejoras en las luminarias.<\/p>\n<p>El tramo afectado abarcar\u00e1 98 kil\u00f3metros, desde el peaje Punta Colorada hasta la tenencia de carreteras Atacama Sur en Vallenar. El Seremi de Obras P\u00fablicas de Coquimbo, Javier Sandoval, destac\u00f3 la colaboraci\u00f3n de todos los organismos involucrados y de la sociedad concesionaria, asegurando que se han tomado todas las precauciones para garantizar la seguridad vial.<\/p>\n<audio class=\"wp-audio-shortcode\" id=\"audio-86934-2\" preload=\"none\" style=\"width: 100%;\" controls=\"controls\"><source type=\"audio\/mpeg\" src=\"https:\/\/www.radioamigavallenar.cl\/wp-content\/uploads\/2024\/11\/APAGON-CIELO-Javier-Sandoval-Seremi-de-Obras-Publicas-Coquimbo.mp3?_=2\" \/><a href=\"https:\/\/www.radioamigavallenar.cl\/wp-content\/uploads\/2024\/11\/APAGON-CIELO-Javier-Sandoval-Seremi-de-Obras-Publicas-Coquimbo.mp3\">https:\/\/www.radioamigavallenar.cl\/wp-content\/uploads\/2024\/11\/APAGON-CIELO-Javier-Sandoval-Seremi-de-Obras-Publicas-Coquimbo.mp3<\/a><\/audio>\n<p>El Mayor Eduardo Soto Zamorano, de la Sexta Comisar\u00eda de Las Compa\u00f1\u00edas, explic\u00f3 que Carabineros desplegar\u00e1 servicios para prevenir delitos, garantizar el orden p\u00fablico y apoyar a quienes circulen por la zona.<\/p>\n<p>El evento representa una oportunidad para disfrutar de cielos despejados y colaborar con la protecci\u00f3n de un patrimonio \u00fanico en el mundo. Se invita a los ciudadanos a evitar circular en el tramo mencionado y, de ser posible, planificar sus viajes para no interferir con la actividad.<\/p>\n<p>La Comisi\u00f3n por el Cuidado de los Cielos Nocturnos enfatiz\u00f3 que esta acci\u00f3n es clave para reforzar a Chile como l\u00edder mundial en astronom\u00eda y para planificar pol\u00edticas p\u00fablicas que preserven la riqueza astron\u00f3mica del pa\u00eds.<\/p>\n","protected":false},"excerpt":{"rendered":"<p>La actividad, organizada por la Comisi\u00f3n por el Cuidado de los Cielos Nocturnos, busca sensibilizar sobre la importancia de proteger los cielos y recopilar datos&hellip; <\/p>\n","protected":false},"author":6,"featured_media":86938,"comment_status":"closed","ping_status":"closed","sticky":false,"template":"","format":"standard","meta":{"footnotes":""},"categories":[38],"tags":[],"class_list":["post-86934","post","type-post","status-publish","format-standard","has-post-thumbnail","hentry","category-portada-regional"],"_links":{"self":[{"href":"https:\/\/www.radioamigavallenar.cl\/index.php?rest_route=\/wp\/v2\/posts\/86934","targetHints":{"allow":["GET"]}}],"collection":[{"href":"https:\/\/www.radioamigavallenar.cl\/index.php?rest_route=\/wp\/v2\/posts"}],"about":[{"href":"https:\/\/www.radioamigavallenar.cl\/index.php?rest_route=\/wp\/v2\/types\/post"}],"author":[{"embeddable":true,"href":"https:\/\/www.radioamigavallenar.cl\/index.php?rest_route=\/wp\/v2\/users\/6"}],"replies":[{"embeddable":true,"href":"https:\/\/www.radioamigavallenar.cl\/index.php?rest_route=%2Fwp%2Fv2%2Fcomments&post=86934"}],"version-history":[{"count":1,"href":"https:\/\/www.radioamigavallenar.cl\/index.php?rest_route=\/wp\/v2\/posts\/86934\/revisions"}],"predecessor-version":[{"id":86939,"href":"https:\/\/www.radioamigavallenar.cl\/index.php?rest_route=\/wp\/v2\/posts\/86934\/revisions\/86939"}],"wp:featuredmedia":[{"embeddable":true,"href":"https:\/\/www.radioamigavallenar.cl\/index.php?rest_route=\/wp\/v2\/media\/86938"}],"wp:attachment":[{"href":"https:\/\/www.radioamigavallenar.cl\/index.php?rest_route=%2Fwp%2Fv2%2Fmedia&parent=86934"}],"wp:term":[{"taxonomy":"category","embeddable":true,"href":"https:\/\/www.radioamigavallenar.cl\/index.php?rest_route=%2Fwp%2Fv2%2Fcategories&post=86934"},{"taxonomy":"post_tag","embeddable":true,"href":"https:\/\/www.radioamigavallenar.cl\/index.php?rest_route=%2Fwp%2Fv2%2Ftags&post=86934"}],"curies":[{"name":"wp","href":"https:\/\/api.w.org\/{rel}","templated":true}]}}