{"id":86928,"date":"2024-11-28T09:10:56","date_gmt":"2024-11-28T12:10:56","guid":{"rendered":"https:\/\/www.radioamigavallenar.cl\/?p=86928"},"modified":"2024-11-28T09:10:56","modified_gmt":"2024-11-28T12:10:56","slug":"alto-del-carmen-contara-con-brigada-especializada-para-enfrentar-incendios-forestales","status":"publish","type":"post","link":"https:\/\/www.radioamigavallenar.cl\/?p=86928","title":{"rendered":"Alto del Carmen contar\u00e1 con brigada especializada para enfrentar incendios forestales"},"content":{"rendered":"<div class=\"flex max-w-full flex-col flex-grow\">\n<div class=\"min-h-8 text-message flex w-full flex-col items-end gap-2 whitespace-normal break-words [.text-message+&amp;]:mt-5\" dir=\"auto\" data-message-author-role=\"assistant\" data-message-id=\"446c5072-d74f-4769-abf7-2474800fd652\" data-message-model-slug=\"gpt-4o\">\n<div class=\"flex w-full flex-col gap-1 empty:hidden first:pt-[3px]\">\n<div class=\"markdown prose w-full break-words dark:prose-invert light\">\n<p><strong>El equipo, apoyado por el Ministerio de Agricultura y la Conaf, estar\u00e1 operativo desde diciembre de 2024 hasta mayo de 2025.<\/strong><\/p>\n<p>Alto del Carmen se prepara para fortalecer su capacidad de respuesta frente a incendios forestales con la conformaci\u00f3n de una brigada especializada. Esta iniciativa, impulsada por el Ministerio de Agricultura con la asesor\u00eda t\u00e9cnica de Conaf Atacama, comenzar\u00e1 sus operaciones a mediados de diciembre de 2024 y abarcar\u00e1 la temporada de incendios hasta mayo de 2025.<\/p>\n<p>La reuni\u00f3n que oficializ\u00f3 esta iniciativa fue encabezada por la delegada presidencial, Karina Z\u00e1rate, quien destac\u00f3 la importancia de esta medida para la comuna. En el encuentro participaron el seremi de Agricultura, Cristian Cort\u00e9s; la directora regional de Conaf Atacama, Sandra Morales; el director provincial de Conaf, Pedro Salazar; el alcalde (S) F\u00e9lix Valera; y representantes municipales, incluyendo al encargado de Emergencia, Gerardo Tapia.<\/p>\n<p>Karina Z\u00e1rate subray\u00f3 que esta brigada ser\u00e1 integrada por personal de la comuna capacitado espec\u00edficamente para prevenir y combatir incendios forestales. \u201cLas gestiones centrales nos permiten confirmar la puesta en marcha de este equipo, una iniciativa que refleja el compromiso con la seguridad y el medioambiente de Alto del Carmen\u201d, afirm\u00f3.<\/p>\n<p>Gerardo Tapia, encargado de Emergencia de la Municipalidad, expres\u00f3 su satisfacci\u00f3n con la iniciativa, destacando que es la primera vez que la comuna contar\u00e1 con un equipo dedicado exclusivamente a incendios forestales. \u201cEn lo que va de la segunda mitad del a\u00f1o hemos enfrentado m\u00e1s de 11 incendios en el territorio. Contar con esta brigada es un avance significativo para mejorar nuestra preparaci\u00f3n y respuesta\u201d, coment\u00f3.<\/p>\n<audio class=\"wp-audio-shortcode\" id=\"audio-86928-1\" preload=\"none\" style=\"width: 100%;\" controls=\"controls\"><source type=\"audio\/mpeg\" src=\"https:\/\/www.radioamigavallenar.cl\/wp-content\/uploads\/2024\/11\/WhatsApp-Audio-2024-11-27-at-08.34.22.mp3?_=1\" \/><a href=\"https:\/\/www.radioamigavallenar.cl\/wp-content\/uploads\/2024\/11\/WhatsApp-Audio-2024-11-27-at-08.34.22.mp3\">https:\/\/www.radioamigavallenar.cl\/wp-content\/uploads\/2024\/11\/WhatsApp-Audio-2024-11-27-at-08.34.22.mp3<\/a><\/audio>\n<p>Por su parte, Cristian Cort\u00e9s, seremi de Agricultura en Atacama, resalt\u00f3 la importancia de la coordinaci\u00f3n entre instituciones frente a los desaf\u00edos clim\u00e1ticos actuales. \u201cLa jornada de hoy nos permiti\u00f3 acelerar las gestiones necesarias para enfrentar el aumento de incendios que el cambio clim\u00e1tico ha intensificado en nuestra regi\u00f3n\u201d, se\u00f1al\u00f3.<\/p>\n<p>Sandra Morales, directora regional de Conaf Atacama, precis\u00f3 que la brigada estar\u00e1 compuesta por ocho integrantes: seis brigadistas y dos conductores, apoyados por dos camionetas equipadas para labores de prevenci\u00f3n y combate de incendios. \u201cEl equipo contar\u00e1 con todos los elementos necesarios para atender emergencias en la comuna, y esperamos que est\u00e9 operativo en la primera quincena de diciembre\u201d, detall\u00f3.<\/p>\n<audio class=\"wp-audio-shortcode\" id=\"audio-86928-2\" preload=\"none\" style=\"width: 100%;\" controls=\"controls\"><source type=\"audio\/mpeg\" src=\"https:\/\/www.radioamigavallenar.cl\/wp-content\/uploads\/2024\/11\/WhatsApp-Audio-2024-11-27-at-08.34.23.mp3?_=2\" \/><a href=\"https:\/\/www.radioamigavallenar.cl\/wp-content\/uploads\/2024\/11\/WhatsApp-Audio-2024-11-27-at-08.34.23.mp3\">https:\/\/www.radioamigavallenar.cl\/wp-content\/uploads\/2024\/11\/WhatsApp-Audio-2024-11-27-at-08.34.23.mp3<\/a><\/audio>\n<p>La creaci\u00f3n de esta brigada responde a la creciente necesidad de preparar a Alto del Carmen frente a la amenaza de incendios forestales, ofreciendo un modelo de gesti\u00f3n y prevenci\u00f3n que refuerza la seguridad de la comunidad y el cuidado de su entorno natural.<\/p>\n<\/div>\n<\/div>\n<\/div>\n<\/div>\n","protected":false},"excerpt":{"rendered":"<p>El equipo, apoyado por el Ministerio de Agricultura y la Conaf, estar\u00e1 operativo desde diciembre de 2024 hasta mayo de 2025. Alto del Carmen se&hellip; <\/p>\n","protected":false},"author":6,"featured_media":86931,"comment_status":"closed","ping_status":"closed","sticky":false,"template":"","format":"standard","meta":{"footnotes":""},"categories":[38],"tags":[],"class_list":["post-86928","post","type-post","status-publish","format-standard","has-post-thumbnail","hentry","category-portada-regional"],"_links":{"self":[{"href":"https:\/\/www.radioamigavallenar.cl\/index.php?rest_route=\/wp\/v2\/posts\/86928","targetHints":{"allow":["GET"]}}],"collection":[{"href":"https:\/\/www.radioamigavallenar.cl\/index.php?rest_route=\/wp\/v2\/posts"}],"about":[{"href":"https:\/\/www.radioamigavallenar.cl\/index.php?rest_route=\/wp\/v2\/types\/post"}],"author":[{"embeddable":true,"href":"https:\/\/www.radioamigavallenar.cl\/index.php?rest_route=\/wp\/v2\/users\/6"}],"replies":[{"embeddable":true,"href":"https:\/\/www.radioamigavallenar.cl\/index.php?rest_route=%2Fwp%2Fv2%2Fcomments&post=86928"}],"version-history":[{"count":1,"href":"https:\/\/www.radioamigavallenar.cl\/index.php?rest_route=\/wp\/v2\/posts\/86928\/revisions"}],"predecessor-version":[{"id":86932,"href":"https:\/\/www.radioamigavallenar.cl\/index.php?rest_route=\/wp\/v2\/posts\/86928\/revisions\/86932"}],"wp:featuredmedia":[{"embeddable":true,"href":"https:\/\/www.radioamigavallenar.cl\/index.php?rest_route=\/wp\/v2\/media\/86931"}],"wp:attachment":[{"href":"https:\/\/www.radioamigavallenar.cl\/index.php?rest_route=%2Fwp%2Fv2%2Fmedia&parent=86928"}],"wp:term":[{"taxonomy":"category","embeddable":true,"href":"https:\/\/www.radioamigavallenar.cl\/index.php?rest_route=%2Fwp%2Fv2%2Fcategories&post=86928"},{"taxonomy":"post_tag","embeddable":true,"href":"https:\/\/www.radioamigavallenar.cl\/index.php?rest_route=%2Fwp%2Fv2%2Ftags&post=86928"}],"curies":[{"name":"wp","href":"https:\/\/api.w.org\/{rel}","templated":true}]}}