{"id":86907,"date":"2024-11-28T08:36:47","date_gmt":"2024-11-28T11:36:47","guid":{"rendered":"https:\/\/www.radioamigavallenar.cl\/?p=86907"},"modified":"2024-11-28T08:36:47","modified_gmt":"2024-11-28T11:36:47","slug":"atacama-fortalece-trabajo-colaborativo-para-atencion-en-salud-mental-de-ninos-y-adolescentes","status":"publish","type":"post","link":"https:\/\/www.radioamigavallenar.cl\/?p=86907","title":{"rendered":"Atacama fortalece trabajo colaborativo para atenci\u00f3n en salud mental de ni\u00f1os y adolescentes"},"content":{"rendered":"<div class=\"flex max-w-full flex-col flex-grow\">\n<div class=\"min-h-8 text-message flex w-full flex-col items-end gap-2 whitespace-normal break-words [.text-message+&amp;]:mt-5\" dir=\"auto\" data-message-author-role=\"assistant\" data-message-id=\"8f4e71ff-ef0d-4374-b654-c8291b9be0bb\" data-message-model-slug=\"gpt-4o\">\n<div class=\"flex w-full flex-col gap-1 empty:hidden first:pt-[3px]\">\n<div class=\"markdown prose w-full break-words dark:prose-invert light\">\n<p><strong>El Servicio de Protecci\u00f3n a la Ni\u00f1ez, la Oficina Local de la Ni\u00f1ez de Vallenar y el Hospital Provincial del Huasco avanzan en una estrategia conjunta para prevenir y abordar vulneraciones de derechos en menores.<\/strong><\/p>\n<p>El Servicio de Protecci\u00f3n Especializada a la Ni\u00f1ez y Adolescencia de Atacama lider\u00f3 una reuni\u00f3n intersectorial con la Oficina Local de la Ni\u00f1ez (OLN) de Vallenar y la Unidad de Salud Mental del Hospital Provincial del Huasco (HPH) para coordinar acciones enfocadas en la atenci\u00f3n en salud mental de ni\u00f1os, ni\u00f1as y adolescentes (NNA).<\/p>\n<p>C\u00e9sar Guzm\u00e1n, director regional del Servicio de Protecci\u00f3n a la Ni\u00f1ez, destac\u00f3 la relevancia de la coordinaci\u00f3n intersectorial: \u201cBuscamos que los NNA atendidos por nuestra red sean diagnosticados y tratados en el menor tiempo posible. Esto incluye un trabajo preventivo desde la salud primaria, la promoci\u00f3n en los colegios y la sensibilizaci\u00f3n de la sociedad civil para pesquisar y denunciar posibles casos de vulneraci\u00f3n de derechos\u201d.<\/p>\n<p>El objetivo es garantizar que las distintas instituciones del Estado cumplan su labor en el sistema de garant\u00edas de derechos, desde la prevenci\u00f3n en los Centros de Salud Familiar (CESFAM) hasta la intervenci\u00f3n especializada en casos m\u00e1s graves.<\/p>\n<p>La doctora Natalia Franco, psiquiatra infantojuvenil del HPH, se\u00f1al\u00f3 que la salud mental infantil en Atacama ha empeorado significativamente tras la pandemia. \u201cHemos visto un aumento exponencial en intentos de suicidio y consumo de sustancias, lo que ha incrementado las hospitalizaciones en ni\u00f1os y adolescentes. Es crucial fomentar la pesquisa precoz en colegios y centros de salud para detener din\u00e1micas de violencia y brindar las atenciones necesarias\u201d, afirm\u00f3.<\/p>\n<p>Franco subray\u00f3 la importancia de espacios protegidos, como los programas de control sano y los equipos de convivencia escolar, para identificar signos de riesgo, como autolesiones, conductas sexuales riesgosas o consumo de sustancias en menores.<\/p>\n<p>Marilyn Quintana, coordinadora de la OLN de Vallenar, destac\u00f3 los beneficios de esta reuni\u00f3n para fortalecer las gestiones de protecci\u00f3n administrativa. \u201cAhora sabemos c\u00f3mo dirigirnos a las instituciones para agilizar derivaciones y atender las necesidades de los menores. Esto nos permitir\u00e1 trabajar mancomunadamente para brindar bienestar integral\u201d, explic\u00f3.<\/p>\n<p>La reuni\u00f3n concluy\u00f3 con un llamado a reforzar el papel preventivo de la salud primaria y la educaci\u00f3n en la detecci\u00f3n temprana de casos de vulneraci\u00f3n. Se espera que los CESFAM desempe\u00f1en un rol clave, brindando terapias psicol\u00f3gicas para casos puntuales que no requieran tratamiento farmacol\u00f3gico.<\/p>\n<p>Esta estrategia intersectorial marca un avance en la regi\u00f3n de Atacama hacia un sistema de protecci\u00f3n integral, que priorice la prevenci\u00f3n, la detecci\u00f3n temprana y la atenci\u00f3n especializada en salud mental para ni\u00f1os, ni\u00f1as y adolescentes en situaciones de vulnerabilidad.<\/p>\n<\/div>\n<\/div>\n<\/div>\n<\/div>\n","protected":false},"excerpt":{"rendered":"<p>El Servicio de Protecci\u00f3n a la Ni\u00f1ez, la Oficina Local de la Ni\u00f1ez de Vallenar y el Hospital Provincial del Huasco avanzan en una estrategia&hellip; <\/p>\n","protected":false},"author":6,"featured_media":86908,"comment_status":"closed","ping_status":"closed","sticky":false,"template":"","format":"standard","meta":{"footnotes":""},"categories":[38],"tags":[],"class_list":["post-86907","post","type-post","status-publish","format-standard","has-post-thumbnail","hentry","category-portada-regional"],"_links":{"self":[{"href":"https:\/\/www.radioamigavallenar.cl\/index.php?rest_route=\/wp\/v2\/posts\/86907","targetHints":{"allow":["GET"]}}],"collection":[{"href":"https:\/\/www.radioamigavallenar.cl\/index.php?rest_route=\/wp\/v2\/posts"}],"about":[{"href":"https:\/\/www.radioamigavallenar.cl\/index.php?rest_route=\/wp\/v2\/types\/post"}],"author":[{"embeddable":true,"href":"https:\/\/www.radioamigavallenar.cl\/index.php?rest_route=\/wp\/v2\/users\/6"}],"replies":[{"embeddable":true,"href":"https:\/\/www.radioamigavallenar.cl\/index.php?rest_route=%2Fwp%2Fv2%2Fcomments&post=86907"}],"version-history":[{"count":1,"href":"https:\/\/www.radioamigavallenar.cl\/index.php?rest_route=\/wp\/v2\/posts\/86907\/revisions"}],"predecessor-version":[{"id":86909,"href":"https:\/\/www.radioamigavallenar.cl\/index.php?rest_route=\/wp\/v2\/posts\/86907\/revisions\/86909"}],"wp:featuredmedia":[{"embeddable":true,"href":"https:\/\/www.radioamigavallenar.cl\/index.php?rest_route=\/wp\/v2\/media\/86908"}],"wp:attachment":[{"href":"https:\/\/www.radioamigavallenar.cl\/index.php?rest_route=%2Fwp%2Fv2%2Fmedia&parent=86907"}],"wp:term":[{"taxonomy":"category","embeddable":true,"href":"https:\/\/www.radioamigavallenar.cl\/index.php?rest_route=%2Fwp%2Fv2%2Fcategories&post=86907"},{"taxonomy":"post_tag","embeddable":true,"href":"https:\/\/www.radioamigavallenar.cl\/index.php?rest_route=%2Fwp%2Fv2%2Ftags&post=86907"}],"curies":[{"name":"wp","href":"https:\/\/api.w.org\/{rel}","templated":true}]}}