{"id":86901,"date":"2024-11-28T02:30:04","date_gmt":"2024-11-28T05:30:04","guid":{"rendered":"https:\/\/www.radioamigavallenar.cl\/?p=86901"},"modified":"2024-11-28T02:30:04","modified_gmt":"2024-11-28T05:30:04","slug":"fiscalia-de-atacama-capacita-a-policias-en-protocolos-de-la-ley-de-entrevista-investigativa-videograbada","status":"publish","type":"post","link":"https:\/\/www.radioamigavallenar.cl\/?p=86901","title":{"rendered":"Fiscal\u00eda de Atacama capacita a polic\u00edas en protocolos de la Ley de Entrevista Investigativa Videograbada"},"content":{"rendered":"<p><strong>Las jornadas se enfocaron en la recepci\u00f3n de denuncias y la aplicaci\u00f3n de protocolos para proteger a ni\u00f1as, ni\u00f1os y adolescentes v\u00edctimas de delitos graves.<\/strong><\/p>\n<p>En el marco del trabajo de la Comisi\u00f3n Regional de Coordinaci\u00f3n del Sistema de Justicia Penal, la Fiscal\u00eda de Atacama y la Secretar\u00eda Regional del Ministerio de Justicia y Derechos Humanos organizaron capacitaciones dirigidas a Carabineros y la Polic\u00eda de Investigaciones (PDI). Estas actividades, realizadas en Cha\u00f1aral y Copiap\u00f3, se centraron en los protocolos establecidos por la Ley 21.057 de Entrevista Investigativa Videograbada, que busca prevenir la revictimizaci\u00f3n de ni\u00f1as, ni\u00f1os y adolescentes (NNA) v\u00edctimas de delitos graves.<\/p>\n<p>El Fiscal Regional de Atacama, Alexis Rogat Lucero, destac\u00f3 el esfuerzo de la Fiscal\u00eda en la implementaci\u00f3n de esta normativa. \u201cEl principal beneficio de la Ley es evitar la victimizaci\u00f3n secundaria de las v\u00edctimas NNA. Estas capacitaciones se enfocaron en el protocolo relacionado con la toma de denuncias, asegurando que desde el inicio de la investigaci\u00f3n las v\u00edctimas sean tratadas como sujetos de derecho, con medidas de protecci\u00f3n y resguardo\u201d, explic\u00f3.<\/p>\n<p>Las jornadas fueron lideradas por el fiscal adjunto de Copiap\u00f3, Guillermo Z\u00e1rate Chacana, y Carolina Bianchi Ca\u00f1as, profesional de la Unidad de Atenci\u00f3n a V\u00edctimas y Testigos (URAVIT) de la Fiscal\u00eda Regional.<\/p>\n<p>El Seremi de Justicia y Derechos Humanos de Atacama, Tom\u00e1s Garay P\u00e9rez, resalt\u00f3 la importancia de estas instancias en la sensibilizaci\u00f3n y actualizaci\u00f3n de conocimientos para el personal de las polic\u00edas, quienes suelen ser los primeros en recibir denuncias de este tipo de delitos.<\/p>\n<p>\u201cEstas capacitaciones responden a la necesidad de difundir y fortalecer la aplicaci\u00f3n de la Ley 21.057. Agradecemos el despliegue de la Fiscal\u00eda y el compromiso de Carabineros y la PDI para capacitar a sus funcionarios, asegurando que las primeras etapas del proceso penal garanticen la protecci\u00f3n de los derechos de los NNA\u201d, se\u00f1al\u00f3 Garay.<\/p>\n<p>Las capacitaciones subrayan la importancia de un enfoque especializado y coordinado en la atenci\u00f3n a v\u00edctimas NNA, promoviendo un sistema procesal penal que respete sus derechos desde el inicio.<\/p>\n","protected":false},"excerpt":{"rendered":"<p>Las jornadas se enfocaron en la recepci\u00f3n de denuncias y la aplicaci\u00f3n de protocolos para proteger a ni\u00f1as, ni\u00f1os y adolescentes v\u00edctimas de delitos graves.&hellip; <\/p>\n","protected":false},"author":6,"featured_media":86902,"comment_status":"closed","ping_status":"closed","sticky":false,"template":"","format":"standard","meta":{"footnotes":""},"categories":[7],"tags":[],"class_list":["post-86901","post","type-post","status-publish","format-standard","has-post-thumbnail","hentry","category-atacama"],"_links":{"self":[{"href":"https:\/\/www.radioamigavallenar.cl\/index.php?rest_route=\/wp\/v2\/posts\/86901","targetHints":{"allow":["GET"]}}],"collection":[{"href":"https:\/\/www.radioamigavallenar.cl\/index.php?rest_route=\/wp\/v2\/posts"}],"about":[{"href":"https:\/\/www.radioamigavallenar.cl\/index.php?rest_route=\/wp\/v2\/types\/post"}],"author":[{"embeddable":true,"href":"https:\/\/www.radioamigavallenar.cl\/index.php?rest_route=\/wp\/v2\/users\/6"}],"replies":[{"embeddable":true,"href":"https:\/\/www.radioamigavallenar.cl\/index.php?rest_route=%2Fwp%2Fv2%2Fcomments&post=86901"}],"version-history":[{"count":1,"href":"https:\/\/www.radioamigavallenar.cl\/index.php?rest_route=\/wp\/v2\/posts\/86901\/revisions"}],"predecessor-version":[{"id":86903,"href":"https:\/\/www.radioamigavallenar.cl\/index.php?rest_route=\/wp\/v2\/posts\/86901\/revisions\/86903"}],"wp:featuredmedia":[{"embeddable":true,"href":"https:\/\/www.radioamigavallenar.cl\/index.php?rest_route=\/wp\/v2\/media\/86902"}],"wp:attachment":[{"href":"https:\/\/www.radioamigavallenar.cl\/index.php?rest_route=%2Fwp%2Fv2%2Fmedia&parent=86901"}],"wp:term":[{"taxonomy":"category","embeddable":true,"href":"https:\/\/www.radioamigavallenar.cl\/index.php?rest_route=%2Fwp%2Fv2%2Fcategories&post=86901"},{"taxonomy":"post_tag","embeddable":true,"href":"https:\/\/www.radioamigavallenar.cl\/index.php?rest_route=%2Fwp%2Fv2%2Ftags&post=86901"}],"curies":[{"name":"wp","href":"https:\/\/api.w.org\/{rel}","templated":true}]}}