{"id":86881,"date":"2024-11-27T00:00:42","date_gmt":"2024-11-27T03:00:42","guid":{"rendered":"https:\/\/www.radioamigavallenar.cl\/?p=86881"},"modified":"2024-11-26T22:31:57","modified_gmt":"2024-11-27T01:31:57","slug":"carabineros-de-atacama-incauta-mas-de-3-600-kilos-de-droga-y-desarticula-31-bandas-criminales-en-2024","status":"publish","type":"post","link":"https:\/\/www.radioamigavallenar.cl\/?p=86881","title":{"rendered":"Carabineros de Atacama incauta m\u00e1s de 3.600 kilos de droga y desarticula 31 bandas criminales en 2024"},"content":{"rendered":"<div class=\"flex-shrink-0 flex flex-col relative items-end\">\n<div>\n<div class=\"pt-0\">\n<div class=\"gizmo-bot-avatar flex h-8 w-8 items-center justify-center overflow-hidden rounded-full\">\n<div class=\"relative p-1 rounded-sm flex items-center justify-center bg-token-main-surface-primary text-token-text-primary h-8 w-8\"><\/div>\n<\/div>\n<\/div>\n<\/div>\n<\/div>\n<div class=\"group\/conversation-turn relative flex w-full min-w-0 flex-col agent-turn\">\n<div class=\"flex-col gap-1 md:gap-3\">\n<div class=\"flex max-w-full flex-col flex-grow\">\n<div class=\"min-h-8 text-message flex w-full flex-col items-end gap-2 whitespace-normal break-words [.text-message+&amp;]:mt-5\" dir=\"auto\" data-message-author-role=\"assistant\" data-message-id=\"bf4a272f-21cc-419e-a6a8-298163448236\" data-message-model-slug=\"gpt-4o\">\n<div class=\"flex w-full flex-col gap-1 empty:hidden first:pt-[3px]\">\n<div class=\"markdown prose w-full break-words dark:prose-invert light\">\n<p><strong>El trabajo policial se ha enfocado en controlar delitos violentos, desarticular redes de narcotr\u00e1fico y combatir el crimen organizado en la regi\u00f3n.<\/strong><\/p>\n<p>Carabineros de Atacama report\u00f3 la incautaci\u00f3n de tres toneladas 601 kilos de drogas durante 2024, como parte de los operativos realizados para combatir el tr\u00e1fico de sustancias il\u00edcitas y el crimen organizado en la regi\u00f3n. Seg\u00fan inform\u00f3 el Prefecto (s) de Carabineros Atacama, teniente coronel Marcelo Ram\u00edrez Palma, estas acciones se han concentrado principalmente en la segunda l\u00ednea de control carretero, en sectores estrat\u00e9gicos utilizados com\u00fanmente por bandas y organizaciones criminales.<\/p>\n<p>\u201cEsta labor policial nos ha permitido este a\u00f1o incautar m\u00e1s de tres toneladas de diferentes tipos de drogas. Adem\u00e1s, dentro de este trabajo hemos podido desarticular 31 organizaciones o bandas criminales, lo cual demuestra nuestro compromiso institucional con la desarticulaci\u00f3n de estas redes delictivas\u201d, se\u00f1al\u00f3 Ram\u00edrez Palma.<\/p>\n<p>Adem\u00e1s de las drogas incautadas, Carabineros inform\u00f3 sobre la recuperaci\u00f3n de 221 veh\u00edculos con encargo por robo, muchos de los cuales eran producto de delitos violentos cometidos en Atacama y en regiones como Valpara\u00edso, Coquimbo y la Metropolitana.<\/p>\n<p>En cuanto a la lucha contra el crimen organizado, se logr\u00f3 la incautaci\u00f3n de 54 armas de fuego, retir\u00e1ndolas de circulaci\u00f3n y evitando que se utilizaran en actividades delictivas.<\/p>\n<p><strong>Trabajo preventivo e investigativo<\/strong><br \/>\nEl teniente coronel Ram\u00edrez Palma subray\u00f3 que estos resultados son fruto de un esfuerzo conjunto que combina labores preventivas con despliegues investigativos y el v\u00ednculo territorial del personal de Carabineros. \u201cNuestros carabineros territoriales y equipos especializados han realizado un destacado trabajo profesional, enfocado en la presencia constante y la investigaci\u00f3n, para generar espacios de sano desarrollo y libres de drogas para la comunidad\u201d, a\u00f1adi\u00f3.<\/p>\n<p>Carabineros reafirm\u00f3 su compromiso con la seguridad de la poblaci\u00f3n, se\u00f1alando que el combate al narcotr\u00e1fico y el crimen organizado seguir\u00e1 siendo prioritario. Con estos esfuerzos, buscan reducir los niveles de violencia asociados a estos delitos y proteger el bienestar de los habitantes de la regi\u00f3n de Atacama.<\/p>\n<\/div>\n<\/div>\n<\/div>\n<\/div>\n<\/div>\n<\/div>\n","protected":false},"excerpt":{"rendered":"<p>El trabajo policial se ha enfocado en controlar delitos violentos, desarticular redes de narcotr\u00e1fico y combatir el crimen organizado en la regi\u00f3n. Carabineros de Atacama&hellip; <\/p>\n","protected":false},"author":6,"featured_media":86882,"comment_status":"closed","ping_status":"closed","sticky":false,"template":"","format":"standard","meta":{"footnotes":""},"categories":[7],"tags":[],"class_list":["post-86881","post","type-post","status-publish","format-standard","has-post-thumbnail","hentry","category-atacama"],"_links":{"self":[{"href":"https:\/\/www.radioamigavallenar.cl\/index.php?rest_route=\/wp\/v2\/posts\/86881","targetHints":{"allow":["GET"]}}],"collection":[{"href":"https:\/\/www.radioamigavallenar.cl\/index.php?rest_route=\/wp\/v2\/posts"}],"about":[{"href":"https:\/\/www.radioamigavallenar.cl\/index.php?rest_route=\/wp\/v2\/types\/post"}],"author":[{"embeddable":true,"href":"https:\/\/www.radioamigavallenar.cl\/index.php?rest_route=\/wp\/v2\/users\/6"}],"replies":[{"embeddable":true,"href":"https:\/\/www.radioamigavallenar.cl\/index.php?rest_route=%2Fwp%2Fv2%2Fcomments&post=86881"}],"version-history":[{"count":1,"href":"https:\/\/www.radioamigavallenar.cl\/index.php?rest_route=\/wp\/v2\/posts\/86881\/revisions"}],"predecessor-version":[{"id":86883,"href":"https:\/\/www.radioamigavallenar.cl\/index.php?rest_route=\/wp\/v2\/posts\/86881\/revisions\/86883"}],"wp:featuredmedia":[{"embeddable":true,"href":"https:\/\/www.radioamigavallenar.cl\/index.php?rest_route=\/wp\/v2\/media\/86882"}],"wp:attachment":[{"href":"https:\/\/www.radioamigavallenar.cl\/index.php?rest_route=%2Fwp%2Fv2%2Fmedia&parent=86881"}],"wp:term":[{"taxonomy":"category","embeddable":true,"href":"https:\/\/www.radioamigavallenar.cl\/index.php?rest_route=%2Fwp%2Fv2%2Fcategories&post=86881"},{"taxonomy":"post_tag","embeddable":true,"href":"https:\/\/www.radioamigavallenar.cl\/index.php?rest_route=%2Fwp%2Fv2%2Ftags&post=86881"}],"curies":[{"name":"wp","href":"https:\/\/api.w.org\/{rel}","templated":true}]}}